{"id":21425,"date":"2007-05-09T00:00:00","date_gmt":"2007-05-08T22:00:00","guid":{"rendered":"https:\/\/www.romasette.it\/archivio\/nel-mondo-in-missione-permanente\/"},"modified":"2007-05-09T00:00:00","modified_gmt":"2007-05-08T22:00:00","slug":"nel-mondo-in-missione-permanente","status":"publish","type":"post","link":"https:\/\/www.romasette.it\/archivio\/nel-mondo-in-missione-permanente\/","title":{"rendered":"Nel mondo in \u00abmissione permanente\u00bb"},"content":{"rendered":"<p>Quando capita di sentire la &#8220;chiamata&#8221; di Dio a seguire un percorso di vita a servizio del Suo progetto di amore per il mondo, non necessariamente ci si deve consacrare come religiosi, ma si pu\u00f2 essere testimoni laici, in famiglia, sul lavoro, della misericordia e dell&#8217;amore del Signore. Ci sono uomini e donne che hanno gi\u00e0 fatto questa scelta, rimanendo a pieno titolo nello stato laico sono cio\u00e8 semplici battezzati, ma che si consacrano &#8220;interamente&#8221; a Dio con la professione dei consigli evangelici. S\u2019impegnano ad incarnare il Vangelo in povert\u00e0, castit\u00e0, obbedienza.  Questo tipo di vocazione secolare \u00e8 poco conosciuta e proprio per avvicinare i giovani, e chiunque ne volesse sapere di pi\u00f9 sugli Istituti Secolari, \u00e9 aperto, presso il Vicariato, lo sportello &#8220;Gis-incontra&#8221; tenuto dal Gruppo istituti secolari. Il servizio, al secondo piano del Palazzo Lateranense (piazza San Giovanni in Laterano, 6) vuole essere di disponibilit\u00e0 e ascolto ed \u00e8 aperto ogni marted\u00ec dalle 15.30 alle 17.30. <\/p>\n<p>Papa Benedetto XVI ha invitato i partecipanti al Simposio mondiale degli Istituti secolari, svoltosi i primi di febbraio, ad essere \u00abseme di santit\u00e0 a piene mani nei solchi della storia\u00bb e anche Paolo VI parl\u00f2 della &#8220;speciale&#8221; vocazione di questi uomini e donne: \u00ab La loro castit\u00e0 dice al mondo che si pu\u00f2 amare con il disinteresse e l\u2019inesauribilit\u00e0 che attinge al cuore di Dio; la loro povert\u00e0 che si pu\u00f2 vivere tra i beni temporali e si pu\u00f2 usare dei mezzi della civilt\u00e0 del progresso senza farsi schiavi di nessuno di essi e la loro obbedienza che si pu\u00f2 essere felici restando pienamente disponibili alla volont\u00e0 di Dio, come appare dalla vita quotidiana, dai segni dei tempi e dalle esigenze di salvezza del mondo d\u2019oggi\u00bb. <\/p>\n<p>Sono gli stessi promotori dello sportello, facendo proprie le parole di Benedetto XVI, ad affermare: \u00abCome il Corpo ha bisogno di tutte le sue membra, cos\u00ec la Chiesa mostra tutta la sua bellezza specialmente  attraverso la diversit\u00e0 dei suoi carismi , doni speciali dello Spirito sempre attento ai cambiamenti e alle nuove esigenze del mondo di oggi. \u00c8 lo Spirito che trasforma, tramite il dono della consacrazione a Dio con voti di castit\u00e0, povert\u00e0 ed obbedienza, la vita di questi uomini e donne in una missione permanente ovunque vivano e siano inseriti\u00bb.<\/p>\n<p>Per contattare lo sportello telefonicamente: 3333476597 ; 3331150476 . Oppure via e-mail: gisinforma@istitutisecolariroma.it    <\/p>\n<p>9 maggio 2007<\/p>\n","protected":false},"excerpt":{"rendered":"<p><img decoding=\"async\" class=\"immagine_sx\" alt=\"\" src=\"https:\/\/www.romasette.it\/uploads\/img4641ad1ecd16c.jpg\"\/>Per far conoscere meglio la vocazione secolare \u00e8 aperto in Vicariato uno sportello promosso dal Gruppo Istituti Secolari <span class=\"autore\">di Ilaria Sarra<\/span><\/p>\n","protected":false},"author":1,"featured_media":0,"comment_status":"open","ping_status":"open","sticky":false,"template":"","format":"standard","meta":{"footnotes":""},"categories":[331],"tags":[],"yoast_head":"<!-- This site is optimized with the Yoast SEO plugin v24.5 - https:\/\/yoast.com\/wordpress\/plugins\/seo\/ -->\n<title>Nel mondo in \u00abmissione permanente\u00bb - Archivio Storico RS<\/title>\n<meta name=\"robots\" content=\"index, follow, max-snippet:-1, max-image-preview:large, max-video-preview:-1\" \/>\n<link rel=\"canonical\" href=\"https:\/\/www.romasette.it\/archivio\/nel-mondo-in-missione-permanente\/\" \/>\n<meta property=\"og:locale\" content=\"it_IT\" \/>\n<meta property=\"og:type\" content=\"article\" \/>\n<meta property=\"og:title\" content=\"Nel mondo in \u00abmissione permanente\u00bb - Archivio Storico RS\" \/>\n<meta property=\"og:description\" content=\"Per far conoscere meglio la vocazione secolare \u00e8 aperto in Vicariato uno sportello promosso dal Gruppo Istituti Secolari di Ilaria Sarra\" \/>\n<meta property=\"og:url\" content=\"https:\/\/www.romasette.it\/archivio\/nel-mondo-in-missione-permanente\/\" \/>\n<meta property=\"og:site_name\" content=\"Archivio Storico RS\" \/>\n<meta property=\"article:published_time\" content=\"2007-05-08T22:00:00+00:00\" \/>\n<meta name=\"author\" content=\"archivio\" \/>\n<meta name=\"twitter:card\" content=\"summary_large_image\" \/>\n<meta name=\"twitter:label1\" content=\"Scritto da\" \/>\n\t<meta name=\"twitter:data1\" content=\"archivio\" \/>\n\t<meta name=\"twitter:label2\" content=\"Tempo di lettura stimato\" \/>\n\t<meta name=\"twitter:data2\" content=\"2 minuti\" \/>\n<script type=\"application\/ld+json\" class=\"yoast-schema-graph\">{\"@context\":\"https:\/\/schema.org\",\"@graph\":[{\"@type\":\"WebPage\",\"@id\":\"https:\/\/www.romasette.it\/archivio\/nel-mondo-in-missione-permanente\/\",\"url\":\"https:\/\/www.romasette.it\/archivio\/nel-mondo-in-missione-permanente\/\",\"name\":\"Nel mondo in \u00abmissione permanente\u00bb - Archivio Storico RS\",\"isPartOf\":{\"@id\":\"https:\/\/www.romasette.it\/archivio\/#website\"},\"datePublished\":\"2007-05-08T22:00:00+00:00\",\"author\":{\"@id\":\"https:\/\/www.romasette.it\/archivio\/#\/schema\/person\/8b3f680d37dbda05fae782e14e685cb1\"},\"breadcrumb\":{\"@id\":\"https:\/\/www.romasette.it\/archivio\/nel-mondo-in-missione-permanente\/#breadcrumb\"},\"inLanguage\":\"it-IT\",\"potentialAction\":[{\"@type\":\"ReadAction\",\"target\":[\"https:\/\/www.romasette.it\/archivio\/nel-mondo-in-missione-permanente\/\"]}]},{\"@type\":\"BreadcrumbList\",\"@id\":\"https:\/\/www.romasette.it\/archivio\/nel-mondo-in-missione-permanente\/#breadcrumb\",\"itemListElement\":[{\"@type\":\"ListItem\",\"position\":1,\"name\":\"Home\",\"item\":\"https:\/\/www.romasette.it\/archivio\/\"},{\"@type\":\"ListItem\",\"position\":2,\"name\":\"Nel mondo in \u00abmissione permanente\u00bb\"}]},{\"@type\":\"WebSite\",\"@id\":\"https:\/\/www.romasette.it\/archivio\/#website\",\"url\":\"https:\/\/www.romasette.it\/archivio\/\",\"name\":\"Archivio Storico RS\",\"description\":\"archivio storico\",\"potentialAction\":[{\"@type\":\"SearchAction\",\"target\":{\"@type\":\"EntryPoint\",\"urlTemplate\":\"https:\/\/www.romasette.it\/archivio\/?s={search_term_string}\"},\"query-input\":{\"@type\":\"PropertyValueSpecification\",\"valueRequired\":true,\"valueName\":\"search_term_string\"}}],\"inLanguage\":\"it-IT\"},{\"@type\":\"Person\",\"@id\":\"https:\/\/www.romasette.it\/archivio\/#\/schema\/person\/8b3f680d37dbda05fae782e14e685cb1\",\"name\":\"archivio\",\"image\":{\"@type\":\"ImageObject\",\"inLanguage\":\"it-IT\",\"@id\":\"https:\/\/www.romasette.it\/archivio\/#\/schema\/person\/image\/\",\"url\":\"https:\/\/secure.gravatar.com\/avatar\/209851bf0c8c5f4ec80bee64baa5af7c?s=96&d=mm&r=g\",\"contentUrl\":\"https:\/\/secure.gravatar.com\/avatar\/209851bf0c8c5f4ec80bee64baa5af7c?s=96&d=mm&r=g\",\"caption\":\"archivio\"},\"url\":\"https:\/\/www.romasette.it\/archivio\/author\/archivio\/\"}]}<\/script>\n<!-- \/ Yoast SEO plugin. -->","yoast_head_json":{"title":"Nel mondo in \u00abmissione permanente\u00bb - Archivio Storico RS","robots":{"index":"index","follow":"follow","max-snippet":"max-snippet:-1","max-image-preview":"max-image-preview:large","max-video-preview":"max-video-preview:-1"},"canonical":"https:\/\/www.romasette.it\/archivio\/nel-mondo-in-missione-permanente\/","og_locale":"it_IT","og_type":"article","og_title":"Nel mondo in \u00abmissione permanente\u00bb - Archivio Storico RS","og_description":"Per far conoscere meglio la vocazione secolare \u00e8 aperto in Vicariato uno sportello promosso dal Gruppo Istituti Secolari di Ilaria Sarra","og_url":"https:\/\/www.romasette.it\/archivio\/nel-mondo-in-missione-permanente\/","og_site_name":"Archivio Storico RS","article_published_time":"2007-05-08T22:00:00+00:00","author":"archivio","twitter_card":"summary_large_image","twitter_misc":{"Scritto da":"archivio","Tempo di lettura stimato":"2 minuti"},"schema":{"@context":"https:\/\/schema.org","@graph":[{"@type":"WebPage","@id":"https:\/\/www.romasette.it\/archivio\/nel-mondo-in-missione-permanente\/","url":"https:\/\/www.romasette.it\/archivio\/nel-mondo-in-missione-permanente\/","name":"Nel mondo in \u00abmissione permanente\u00bb - Archivio Storico RS","isPartOf":{"@id":"https:\/\/www.romasette.it\/archivio\/#website"},"datePublished":"2007-05-08T22:00:00+00:00","author":{"@id":"https:\/\/www.romasette.it\/archivio\/#\/schema\/person\/8b3f680d37dbda05fae782e14e685cb1"},"breadcrumb":{"@id":"https:\/\/www.romasette.it\/archivio\/nel-mondo-in-missione-permanente\/#breadcrumb"},"inLanguage":"it-IT","potentialAction":[{"@type":"ReadAction","target":["https:\/\/www.romasette.it\/archivio\/nel-mondo-in-missione-permanente\/"]}]},{"@type":"BreadcrumbList","@id":"https:\/\/www.romasette.it\/archivio\/nel-mondo-in-missione-permanente\/#breadcrumb","itemListElement":[{"@type":"ListItem","position":1,"name":"Home","item":"https:\/\/www.romasette.it\/archivio\/"},{"@type":"ListItem","position":2,"name":"Nel mondo in \u00abmissione permanente\u00bb"}]},{"@type":"WebSite","@id":"https:\/\/www.romasette.it\/archivio\/#website","url":"https:\/\/www.romasette.it\/archivio\/","name":"Archivio Storico RS","description":"archivio storico","potentialAction":[{"@type":"SearchAction","target":{"@type":"EntryPoint","urlTemplate":"https:\/\/www.romasette.it\/archivio\/?s={search_term_string}"},"query-input":{"@type":"PropertyValueSpecification","valueRequired":true,"valueName":"search_term_string"}}],"inLanguage":"it-IT"},{"@type":"Person","@id":"https:\/\/www.romasette.it\/archivio\/#\/schema\/person\/8b3f680d37dbda05fae782e14e685cb1","name":"archivio","image":{"@type":"ImageObject","inLanguage":"it-IT","@id":"https:\/\/www.romasette.it\/archivio\/#\/schema\/person\/image\/","url":"https:\/\/secure.gravatar.com\/avatar\/209851bf0c8c5f4ec80bee64baa5af7c?s=96&d=mm&r=g","contentUrl":"https:\/\/secure.gravatar.com\/avatar\/209851bf0c8c5f4ec80bee64baa5af7c?s=96&d=mm&r=g","caption":"archivio"},"url":"https:\/\/www.romasette.it\/archivio\/author\/archivio\/"}]}},"_links":{"self":[{"href":"https:\/\/www.romasette.it\/archivio\/wp-json\/wp\/v2\/posts\/21425"}],"collection":[{"href":"https:\/\/www.romasette.it\/archivio\/wp-json\/wp\/v2\/posts"}],"about":[{"href":"https:\/\/www.romasette.it\/archivio\/wp-json\/wp\/v2\/types\/post"}],"author":[{"embeddable":true,"href":"https:\/\/www.romasette.it\/archivio\/wp-json\/wp\/v2\/users\/1"}],"replies":[{"embeddable":true,"href":"https:\/\/www.romasette.it\/archivio\/wp-json\/wp\/v2\/comments?post=21425"}],"version-history":[{"count":0,"href":"https:\/\/www.romasette.it\/archivio\/wp-json\/wp\/v2\/posts\/21425\/revisions"}],"wp:attachment":[{"href":"https:\/\/www.romasette.it\/archivio\/wp-json\/wp\/v2\/media?parent=21425"}],"wp:term":[{"taxonomy":"category","embeddable":true,"href":"https:\/\/www.romasette.it\/archivio\/wp-json\/wp\/v2\/categories?post=21425"},{"taxonomy":"post_tag","embeddable":true,"href":"https:\/\/www.romasette.it\/archivio\/wp-json\/wp\/v2\/tags?post=21425"}],"curies":[{"name":"wp","href":"https:\/\/api.w.org\/{rel}","templated":true}]}}