{"id":21426,"date":"2007-05-10T00:00:00","date_gmt":"2007-05-09T22:00:00","guid":{"rendered":"https:\/\/www.romasette.it\/archivio\/io-per-i-giovani-aiutano-roma\/"},"modified":"2007-05-10T00:00:00","modified_gmt":"2007-05-09T22:00:00","slug":"io-per-i-giovani-aiutano-roma","status":"publish","type":"post","link":"https:\/\/www.romasette.it\/archivio\/io-per-i-giovani-aiutano-roma\/","title":{"rendered":"&#8220;Io per&#8221;: i giovani aiutano Roma"},"content":{"rendered":"<p>Una manifestazione dedicata alla legalit\u00e0 in cui verranno presentati i lavori elaborati dagli studenti italiani in collaborazione con gli studenti inglesi, irlandesi, slovacchi e tedeschi, ma anche cd musicali e opere artistiche, che avranno come tema la tolleranza, l\u2019intercultura e la legalit\u00e0. Una partita di calcetto \u201cinterculturale\u201d tra giovani italiani e giovani rom, laboratori di dee\u2013jay di strada, esibizioni di break-dance, dimostrazione di skate, realizzazione di murales, informazione e premio del buon cittadino. E ancora, corso di skate per principianti e laboratorio di graffiti a cura dei writers, per educare alla conservazione del proprio ambiente.<\/p>\n<p>Sono solo alcune delle proposte che venerd\u00ec 18 maggio animeranno &#8220;Io per&#8221;, la giornata dedicata ai giovani voluta dagli assessorati alle politiche giovanili, alle politiche sociali, alla comunicazione e dall\u2019Ufficio decoro urbano del Comune insieme a Roma Multiservizi e in collaborazione con Ama e Martelive. Un\u2019occasione per stimolare i ragazzi alla partecipazione alla vita della citt\u00e0, attraverso il servizio agli anziani, ai bambini, l\u2019impegno per l\u2019ambiente, il decorso urbano, l\u2019integrazione e molto altro ancora. <\/p>\n<p>\u00c8 questa l\u2019idea che fa da filo conduttore tra le diverse iniziative proposte in varie zone della Capitale. Protagonisti, sempre i giovani e le loro passioni, traformate in occasioni di incontro e di comunicazione. In risorse per la citt\u00e0 intera. Come nel caso di &#8220;Attraversa\/menti \u2026 metropolitani&#8221;, l\u2019iniziativa del municipio V che prevede tra le altre cose laboratori di dee-jay di strada, esibizioni di break-dance, dimostrazioni di skate e anche la realizzazione di murales. O per la Bicilcettata ecologica: una manifestazione sportiva e di decoro urbano per sensibilizzare i ragazzi e non solo sul corretto usa e sulla pulizia della pista ciclabile del Tevere. <\/p>\n<p>Negli appuntamenti di &#8220;Io per&#8221; non manca neanche l\u2019eco delle pi\u00f9 forti tradizioni culturali legate al passato e al presente della citt\u00e0. Su tutte, quella della canzone romana, a cui \u00e8 dedicato \u00abSettete\u00bb, un concerto a base di repertorio tradizionale romanesco che sar\u00e0 proposto dai ragazzi presso le case di riposo del Comune. Attenzione puntata anche su alcuni luoghi centrali del patrimonio artistico e paesaggistico della citt\u00e0: da Villa Carpegna, dove i giovani della comunit\u00e0 marocchiana del municipio XVIII saranno impegnati in veste di ciceroni, alle proposte del Laboratorio archeologico organizzato da una delle associazioni coinvolte nell\u2019organizzazione.<\/p>\n<p>Nel pomeriggio infine, a partire dalle 17, la minimaratona integrata &#8220;Le idee giovani corrono al contrario&#8221; . Una gara non competitiva aperta a giovani, anziani, coppie, persone disabili, che potranno iscriversi direttamente alla partenza. Unica regola: i giovani normodatati corrono al contrario. La quota raccolta dalle iscrizioni sar\u00e0 devoluta a scopo socialmente utile.<\/p>\n<p>10 maggio 2007<\/p>\n","protected":false},"excerpt":{"rendered":"<p><img decoding=\"async\" class=\"immagine_sx\" alt=\"\" src=\"https:\/\/www.romasette.it\/uploads\/img4642ea3f5303a.jpg\"\/>Il 18 maggio una giornata in cui anche i ragazzi potranno dare una mano alla citt\u00e0. Tra solidariet\u00e0, cultura e arte <span class=\"autore\">di F. C.<\/span><br \/>\n<a  href=\"http:\/\/www.comune.roma.it\/was\/repository\/ContentManagement\/information\/P1807937300\/Io%20per.pdf\" target=_blank rel=\"noopener noreferrer\"><span class=\"scritta_x-small\">Il programma completo<\/span><\/A><\/p>\n","protected":false},"author":1,"featured_media":0,"comment_status":"open","ping_status":"open","sticky":false,"template":"","format":"standard","meta":{"footnotes":""},"categories":[326],"tags":[],"yoast_head":"<!-- This site is optimized with the Yoast SEO plugin v24.5 - https:\/\/yoast.com\/wordpress\/plugins\/seo\/ -->\n<title>&quot;Io per&quot;: i giovani aiutano Roma - Archivio Storico RS<\/title>\n<meta name=\"robots\" content=\"index, follow, max-snippet:-1, max-image-preview:large, max-video-preview:-1\" \/>\n<link rel=\"canonical\" href=\"https:\/\/www.romasette.it\/archivio\/io-per-i-giovani-aiutano-roma\/\" \/>\n<meta property=\"og:locale\" content=\"it_IT\" \/>\n<meta property=\"og:type\" content=\"article\" \/>\n<meta property=\"og:title\" content=\"&quot;Io per&quot;: i giovani aiutano Roma - Archivio Storico RS\" \/>\n<meta property=\"og:description\" content=\"Il 18 maggio una giornata in cui anche i ragazzi potranno dare una mano alla citt\u00e0. Tra solidariet\u00e0, cultura e arte di F. C. Il programma completo\" \/>\n<meta property=\"og:url\" content=\"https:\/\/www.romasette.it\/archivio\/io-per-i-giovani-aiutano-roma\/\" \/>\n<meta property=\"og:site_name\" content=\"Archivio Storico RS\" \/>\n<meta property=\"article:published_time\" content=\"2007-05-09T22:00:00+00:00\" \/>\n<meta name=\"author\" content=\"archivio\" \/>\n<meta name=\"twitter:card\" content=\"summary_large_image\" \/>\n<meta name=\"twitter:label1\" content=\"Scritto da\" \/>\n\t<meta name=\"twitter:data1\" content=\"archivio\" \/>\n\t<meta name=\"twitter:label2\" content=\"Tempo di lettura stimato\" \/>\n\t<meta name=\"twitter:data2\" content=\"2 minuti\" \/>\n<script type=\"application\/ld+json\" class=\"yoast-schema-graph\">{\"@context\":\"https:\/\/schema.org\",\"@graph\":[{\"@type\":\"WebPage\",\"@id\":\"https:\/\/www.romasette.it\/archivio\/io-per-i-giovani-aiutano-roma\/\",\"url\":\"https:\/\/www.romasette.it\/archivio\/io-per-i-giovani-aiutano-roma\/\",\"name\":\"\\\"Io per\\\": i giovani aiutano Roma - Archivio Storico RS\",\"isPartOf\":{\"@id\":\"https:\/\/www.romasette.it\/archivio\/#website\"},\"datePublished\":\"2007-05-09T22:00:00+00:00\",\"author\":{\"@id\":\"https:\/\/www.romasette.it\/archivio\/#\/schema\/person\/8b3f680d37dbda05fae782e14e685cb1\"},\"breadcrumb\":{\"@id\":\"https:\/\/www.romasette.it\/archivio\/io-per-i-giovani-aiutano-roma\/#breadcrumb\"},\"inLanguage\":\"it-IT\",\"potentialAction\":[{\"@type\":\"ReadAction\",\"target\":[\"https:\/\/www.romasette.it\/archivio\/io-per-i-giovani-aiutano-roma\/\"]}]},{\"@type\":\"BreadcrumbList\",\"@id\":\"https:\/\/www.romasette.it\/archivio\/io-per-i-giovani-aiutano-roma\/#breadcrumb\",\"itemListElement\":[{\"@type\":\"ListItem\",\"position\":1,\"name\":\"Home\",\"item\":\"https:\/\/www.romasette.it\/archivio\/\"},{\"@type\":\"ListItem\",\"position\":2,\"name\":\"&#8220;Io per&#8221;: i giovani aiutano Roma\"}]},{\"@type\":\"WebSite\",\"@id\":\"https:\/\/www.romasette.it\/archivio\/#website\",\"url\":\"https:\/\/www.romasette.it\/archivio\/\",\"name\":\"Archivio Storico RS\",\"description\":\"archivio storico\",\"potentialAction\":[{\"@type\":\"SearchAction\",\"target\":{\"@type\":\"EntryPoint\",\"urlTemplate\":\"https:\/\/www.romasette.it\/archivio\/?s={search_term_string}\"},\"query-input\":{\"@type\":\"PropertyValueSpecification\",\"valueRequired\":true,\"valueName\":\"search_term_string\"}}],\"inLanguage\":\"it-IT\"},{\"@type\":\"Person\",\"@id\":\"https:\/\/www.romasette.it\/archivio\/#\/schema\/person\/8b3f680d37dbda05fae782e14e685cb1\",\"name\":\"archivio\",\"image\":{\"@type\":\"ImageObject\",\"inLanguage\":\"it-IT\",\"@id\":\"https:\/\/www.romasette.it\/archivio\/#\/schema\/person\/image\/\",\"url\":\"https:\/\/secure.gravatar.com\/avatar\/209851bf0c8c5f4ec80bee64baa5af7c?s=96&d=mm&r=g\",\"contentUrl\":\"https:\/\/secure.gravatar.com\/avatar\/209851bf0c8c5f4ec80bee64baa5af7c?s=96&d=mm&r=g\",\"caption\":\"archivio\"},\"url\":\"https:\/\/www.romasette.it\/archivio\/author\/archivio\/\"}]}<\/script>\n<!-- \/ Yoast SEO plugin. -->","yoast_head_json":{"title":"\"Io per\": i giovani aiutano Roma - Archivio Storico RS","robots":{"index":"index","follow":"follow","max-snippet":"max-snippet:-1","max-image-preview":"max-image-preview:large","max-video-preview":"max-video-preview:-1"},"canonical":"https:\/\/www.romasette.it\/archivio\/io-per-i-giovani-aiutano-roma\/","og_locale":"it_IT","og_type":"article","og_title":"\"Io per\": i giovani aiutano Roma - Archivio Storico RS","og_description":"Il 18 maggio una giornata in cui anche i ragazzi potranno dare una mano alla citt\u00e0. Tra solidariet\u00e0, cultura e arte di F. C. Il programma completo","og_url":"https:\/\/www.romasette.it\/archivio\/io-per-i-giovani-aiutano-roma\/","og_site_name":"Archivio Storico RS","article_published_time":"2007-05-09T22:00:00+00:00","author":"archivio","twitter_card":"summary_large_image","twitter_misc":{"Scritto da":"archivio","Tempo di lettura stimato":"2 minuti"},"schema":{"@context":"https:\/\/schema.org","@graph":[{"@type":"WebPage","@id":"https:\/\/www.romasette.it\/archivio\/io-per-i-giovani-aiutano-roma\/","url":"https:\/\/www.romasette.it\/archivio\/io-per-i-giovani-aiutano-roma\/","name":"\"Io per\": i giovani aiutano Roma - Archivio Storico RS","isPartOf":{"@id":"https:\/\/www.romasette.it\/archivio\/#website"},"datePublished":"2007-05-09T22:00:00+00:00","author":{"@id":"https:\/\/www.romasette.it\/archivio\/#\/schema\/person\/8b3f680d37dbda05fae782e14e685cb1"},"breadcrumb":{"@id":"https:\/\/www.romasette.it\/archivio\/io-per-i-giovani-aiutano-roma\/#breadcrumb"},"inLanguage":"it-IT","potentialAction":[{"@type":"ReadAction","target":["https:\/\/www.romasette.it\/archivio\/io-per-i-giovani-aiutano-roma\/"]}]},{"@type":"BreadcrumbList","@id":"https:\/\/www.romasette.it\/archivio\/io-per-i-giovani-aiutano-roma\/#breadcrumb","itemListElement":[{"@type":"ListItem","position":1,"name":"Home","item":"https:\/\/www.romasette.it\/archivio\/"},{"@type":"ListItem","position":2,"name":"&#8220;Io per&#8221;: i giovani aiutano Roma"}]},{"@type":"WebSite","@id":"https:\/\/www.romasette.it\/archivio\/#website","url":"https:\/\/www.romasette.it\/archivio\/","name":"Archivio Storico RS","description":"archivio storico","potentialAction":[{"@type":"SearchAction","target":{"@type":"EntryPoint","urlTemplate":"https:\/\/www.romasette.it\/archivio\/?s={search_term_string}"},"query-input":{"@type":"PropertyValueSpecification","valueRequired":true,"valueName":"search_term_string"}}],"inLanguage":"it-IT"},{"@type":"Person","@id":"https:\/\/www.romasette.it\/archivio\/#\/schema\/person\/8b3f680d37dbda05fae782e14e685cb1","name":"archivio","image":{"@type":"ImageObject","inLanguage":"it-IT","@id":"https:\/\/www.romasette.it\/archivio\/#\/schema\/person\/image\/","url":"https:\/\/secure.gravatar.com\/avatar\/209851bf0c8c5f4ec80bee64baa5af7c?s=96&d=mm&r=g","contentUrl":"https:\/\/secure.gravatar.com\/avatar\/209851bf0c8c5f4ec80bee64baa5af7c?s=96&d=mm&r=g","caption":"archivio"},"url":"https:\/\/www.romasette.it\/archivio\/author\/archivio\/"}]}},"_links":{"self":[{"href":"https:\/\/www.romasette.it\/archivio\/wp-json\/wp\/v2\/posts\/21426"}],"collection":[{"href":"https:\/\/www.romasette.it\/archivio\/wp-json\/wp\/v2\/posts"}],"about":[{"href":"https:\/\/www.romasette.it\/archivio\/wp-json\/wp\/v2\/types\/post"}],"author":[{"embeddable":true,"href":"https:\/\/www.romasette.it\/archivio\/wp-json\/wp\/v2\/users\/1"}],"replies":[{"embeddable":true,"href":"https:\/\/www.romasette.it\/archivio\/wp-json\/wp\/v2\/comments?post=21426"}],"version-history":[{"count":0,"href":"https:\/\/www.romasette.it\/archivio\/wp-json\/wp\/v2\/posts\/21426\/revisions"}],"wp:attachment":[{"href":"https:\/\/www.romasette.it\/archivio\/wp-json\/wp\/v2\/media?parent=21426"}],"wp:term":[{"taxonomy":"category","embeddable":true,"href":"https:\/\/www.romasette.it\/archivio\/wp-json\/wp\/v2\/categories?post=21426"},{"taxonomy":"post_tag","embeddable":true,"href":"https:\/\/www.romasette.it\/archivio\/wp-json\/wp\/v2\/tags?post=21426"}],"curies":[{"name":"wp","href":"https:\/\/api.w.org\/{rel}","templated":true}]}}