{"id":21430,"date":"2007-05-10T00:00:00","date_gmt":"2007-05-09T22:00:00","guid":{"rendered":"https:\/\/www.romasette.it\/archivio\/mostra-multisensoriale-ai-musei-capitolini\/"},"modified":"2007-05-10T00:00:00","modified_gmt":"2007-05-09T22:00:00","slug":"mostra-multisensoriale-ai-musei-capitolini","status":"publish","type":"post","link":"https:\/\/www.romasette.it\/archivio\/mostra-multisensoriale-ai-musei-capitolini\/","title":{"rendered":"Mostra multisensoriale ai Musei Capitolini"},"content":{"rendered":"<p>Questione di naso e di mani. Sono l\u2019olfatto e il tatto, infatti, a fare da padroni in questa mostra speciale tutta pensata e dedicata ai non vedenti. \u201cI profumi di Afrodite e il segreto dell\u2019olio\u201d \u00e8 il titolo dell\u2019esposizione che si protrae fino al 2 settembre presso il Palazzo Caffarelli ai Musei Capitolini e che vede esposti oggetti ritrovati durante uno scavo archeologico nell\u2019isola di Cipro e profumi e aromi ottenuti dalla lavorazione di piante,semi e fiori che fanno parte della flora mediterranea dell\u2019isola. Le piante utilizzate per la creazione delle varie essenze sono state individuate, attraverso specifiche analisi, all\u2019interno degli antichi vasi rinvenuti nello scavo.<\/p>\n<p>\u00abIl percorso espositivo \u2013 affermano gli organizzatori &#8211; che presenta le scoperte legate alla produzione dei profumi ed essenze ottenute dalla lavorazione di piante, semi e fiori in un contesto archeologico che risale all\u2019Et\u00e0 del Bronzo, ha consentito di realizzare una visita durante la quale sar\u00e0 possibile toccare le piante, distinguendone il profumo da specie a specie, e annusare semi, resine e fiori essiccati\u00bb.<br \/>\nLe piante, infatti, sono state usate per ricreare 4 profumi che \u00abrestituiscono il fascino di antiche essenze e bouquet profumati\u00bb. Alle 4 fragranze sono stati dati nomi che ricordano le pi\u00f9 importanti dee della mitologia greca: Hera, Athena, Artemide e Afrodite. <\/p>\n<p>Come abbiamo per\u00f2 detto prima, questa mostra \u00e8 anche da toccare. Il percorso di visita \u00e8 infatti completato dalle riproduzioni di alcuni degli oggetti rinvenuti nello scavo e resi disponibili dal Centro \u201cAntiquitates\u201d, che ha sperimentalmente ricreato gli imbuti e gli attingitoi risalenti all\u2019Et\u00e0 del Bronzo Antico, la macina e il pestello utilizzati per sminuzzare foglie, semi e fiori, i singolari askoi e le piccole brocche per la conservazione del profumo. Sar\u00e0 possibile, inoltre, \u00abcomprendere la tecnica di produzione delle brocche e dei vasi in terracotta in un\u2019epoca in cui il tornio non era utilizzato\u00bb spiegano i responsabili della mostra.<\/p>\n<p>Per ulteriori informazioni si pu\u00f2 contattare il numero  06 82059127 (tutti i giorni ore 9-19.30) oppure visitare <a href=\"http:\/\/www.museicapitolini.it\" target=_blank rel=\"noopener noreferrer\"><span class=\"scritta_x-small\">il sito dei Musei Capitolini<\/span><\/A>.<br \/>\nGli appuntamenti devono essere prenotati presso la Direzione dei Musei Capitolini contattando i numeri: 06.67102475; 06.67104696; 06.67103069.<\/p>\n<p>10 maggio 2007<\/p>\n","protected":false},"excerpt":{"rendered":"<p><img decoding=\"async\" class=\"immagine_sx\" alt=\"\" src=\"https:\/\/www.romasette.it\/uploads\/img46431f1fef302.jpg\"\/>Fino al 2 settembre a Palazzo Caffarelli un percorso, dedicato ai non vedenti, che si snoda tra profumi e oli <span class=\"autore\">di Ilaria Sarra<\/span><\/p>\n","protected":false},"author":1,"featured_media":0,"comment_status":"open","ping_status":"open","sticky":false,"template":"","format":"standard","meta":{"footnotes":""},"categories":[343],"tags":[],"yoast_head":"<!-- This site is optimized with the Yoast SEO plugin v24.5 - https:\/\/yoast.com\/wordpress\/plugins\/seo\/ -->\n<title>Mostra multisensoriale ai Musei Capitolini - Archivio Storico RS<\/title>\n<meta name=\"robots\" content=\"index, follow, max-snippet:-1, max-image-preview:large, max-video-preview:-1\" \/>\n<link rel=\"canonical\" href=\"https:\/\/www.romasette.it\/archivio\/mostra-multisensoriale-ai-musei-capitolini\/\" \/>\n<meta property=\"og:locale\" content=\"it_IT\" \/>\n<meta property=\"og:type\" content=\"article\" \/>\n<meta property=\"og:title\" content=\"Mostra multisensoriale ai Musei Capitolini - Archivio Storico RS\" \/>\n<meta property=\"og:description\" content=\"Fino al 2 settembre a Palazzo Caffarelli un percorso, dedicato ai non vedenti, che si snoda tra profumi e oli di Ilaria Sarra\" \/>\n<meta property=\"og:url\" content=\"https:\/\/www.romasette.it\/archivio\/mostra-multisensoriale-ai-musei-capitolini\/\" \/>\n<meta property=\"og:site_name\" content=\"Archivio Storico RS\" \/>\n<meta property=\"article:published_time\" content=\"2007-05-09T22:00:00+00:00\" \/>\n<meta name=\"author\" content=\"archivio\" \/>\n<meta name=\"twitter:card\" content=\"summary_large_image\" \/>\n<meta name=\"twitter:label1\" content=\"Scritto da\" \/>\n\t<meta name=\"twitter:data1\" content=\"archivio\" \/>\n\t<meta name=\"twitter:label2\" content=\"Tempo di lettura stimato\" \/>\n\t<meta name=\"twitter:data2\" content=\"2 minuti\" \/>\n<script type=\"application\/ld+json\" class=\"yoast-schema-graph\">{\"@context\":\"https:\/\/schema.org\",\"@graph\":[{\"@type\":\"WebPage\",\"@id\":\"https:\/\/www.romasette.it\/archivio\/mostra-multisensoriale-ai-musei-capitolini\/\",\"url\":\"https:\/\/www.romasette.it\/archivio\/mostra-multisensoriale-ai-musei-capitolini\/\",\"name\":\"Mostra multisensoriale ai Musei Capitolini - Archivio Storico RS\",\"isPartOf\":{\"@id\":\"https:\/\/www.romasette.it\/archivio\/#website\"},\"datePublished\":\"2007-05-09T22:00:00+00:00\",\"author\":{\"@id\":\"https:\/\/www.romasette.it\/archivio\/#\/schema\/person\/8b3f680d37dbda05fae782e14e685cb1\"},\"breadcrumb\":{\"@id\":\"https:\/\/www.romasette.it\/archivio\/mostra-multisensoriale-ai-musei-capitolini\/#breadcrumb\"},\"inLanguage\":\"it-IT\",\"potentialAction\":[{\"@type\":\"ReadAction\",\"target\":[\"https:\/\/www.romasette.it\/archivio\/mostra-multisensoriale-ai-musei-capitolini\/\"]}]},{\"@type\":\"BreadcrumbList\",\"@id\":\"https:\/\/www.romasette.it\/archivio\/mostra-multisensoriale-ai-musei-capitolini\/#breadcrumb\",\"itemListElement\":[{\"@type\":\"ListItem\",\"position\":1,\"name\":\"Home\",\"item\":\"https:\/\/www.romasette.it\/archivio\/\"},{\"@type\":\"ListItem\",\"position\":2,\"name\":\"Mostra multisensoriale ai Musei Capitolini\"}]},{\"@type\":\"WebSite\",\"@id\":\"https:\/\/www.romasette.it\/archivio\/#website\",\"url\":\"https:\/\/www.romasette.it\/archivio\/\",\"name\":\"Archivio Storico RS\",\"description\":\"archivio storico\",\"potentialAction\":[{\"@type\":\"SearchAction\",\"target\":{\"@type\":\"EntryPoint\",\"urlTemplate\":\"https:\/\/www.romasette.it\/archivio\/?s={search_term_string}\"},\"query-input\":{\"@type\":\"PropertyValueSpecification\",\"valueRequired\":true,\"valueName\":\"search_term_string\"}}],\"inLanguage\":\"it-IT\"},{\"@type\":\"Person\",\"@id\":\"https:\/\/www.romasette.it\/archivio\/#\/schema\/person\/8b3f680d37dbda05fae782e14e685cb1\",\"name\":\"archivio\",\"image\":{\"@type\":\"ImageObject\",\"inLanguage\":\"it-IT\",\"@id\":\"https:\/\/www.romasette.it\/archivio\/#\/schema\/person\/image\/\",\"url\":\"https:\/\/secure.gravatar.com\/avatar\/209851bf0c8c5f4ec80bee64baa5af7c?s=96&d=mm&r=g\",\"contentUrl\":\"https:\/\/secure.gravatar.com\/avatar\/209851bf0c8c5f4ec80bee64baa5af7c?s=96&d=mm&r=g\",\"caption\":\"archivio\"},\"url\":\"https:\/\/www.romasette.it\/archivio\/author\/archivio\/\"}]}<\/script>\n<!-- \/ Yoast SEO plugin. -->","yoast_head_json":{"title":"Mostra multisensoriale ai Musei Capitolini - Archivio Storico RS","robots":{"index":"index","follow":"follow","max-snippet":"max-snippet:-1","max-image-preview":"max-image-preview:large","max-video-preview":"max-video-preview:-1"},"canonical":"https:\/\/www.romasette.it\/archivio\/mostra-multisensoriale-ai-musei-capitolini\/","og_locale":"it_IT","og_type":"article","og_title":"Mostra multisensoriale ai Musei Capitolini - Archivio Storico RS","og_description":"Fino al 2 settembre a Palazzo Caffarelli un percorso, dedicato ai non vedenti, che si snoda tra profumi e oli di Ilaria Sarra","og_url":"https:\/\/www.romasette.it\/archivio\/mostra-multisensoriale-ai-musei-capitolini\/","og_site_name":"Archivio Storico RS","article_published_time":"2007-05-09T22:00:00+00:00","author":"archivio","twitter_card":"summary_large_image","twitter_misc":{"Scritto da":"archivio","Tempo di lettura stimato":"2 minuti"},"schema":{"@context":"https:\/\/schema.org","@graph":[{"@type":"WebPage","@id":"https:\/\/www.romasette.it\/archivio\/mostra-multisensoriale-ai-musei-capitolini\/","url":"https:\/\/www.romasette.it\/archivio\/mostra-multisensoriale-ai-musei-capitolini\/","name":"Mostra multisensoriale ai Musei Capitolini - Archivio Storico RS","isPartOf":{"@id":"https:\/\/www.romasette.it\/archivio\/#website"},"datePublished":"2007-05-09T22:00:00+00:00","author":{"@id":"https:\/\/www.romasette.it\/archivio\/#\/schema\/person\/8b3f680d37dbda05fae782e14e685cb1"},"breadcrumb":{"@id":"https:\/\/www.romasette.it\/archivio\/mostra-multisensoriale-ai-musei-capitolini\/#breadcrumb"},"inLanguage":"it-IT","potentialAction":[{"@type":"ReadAction","target":["https:\/\/www.romasette.it\/archivio\/mostra-multisensoriale-ai-musei-capitolini\/"]}]},{"@type":"BreadcrumbList","@id":"https:\/\/www.romasette.it\/archivio\/mostra-multisensoriale-ai-musei-capitolini\/#breadcrumb","itemListElement":[{"@type":"ListItem","position":1,"name":"Home","item":"https:\/\/www.romasette.it\/archivio\/"},{"@type":"ListItem","position":2,"name":"Mostra multisensoriale ai Musei Capitolini"}]},{"@type":"WebSite","@id":"https:\/\/www.romasette.it\/archivio\/#website","url":"https:\/\/www.romasette.it\/archivio\/","name":"Archivio Storico RS","description":"archivio storico","potentialAction":[{"@type":"SearchAction","target":{"@type":"EntryPoint","urlTemplate":"https:\/\/www.romasette.it\/archivio\/?s={search_term_string}"},"query-input":{"@type":"PropertyValueSpecification","valueRequired":true,"valueName":"search_term_string"}}],"inLanguage":"it-IT"},{"@type":"Person","@id":"https:\/\/www.romasette.it\/archivio\/#\/schema\/person\/8b3f680d37dbda05fae782e14e685cb1","name":"archivio","image":{"@type":"ImageObject","inLanguage":"it-IT","@id":"https:\/\/www.romasette.it\/archivio\/#\/schema\/person\/image\/","url":"https:\/\/secure.gravatar.com\/avatar\/209851bf0c8c5f4ec80bee64baa5af7c?s=96&d=mm&r=g","contentUrl":"https:\/\/secure.gravatar.com\/avatar\/209851bf0c8c5f4ec80bee64baa5af7c?s=96&d=mm&r=g","caption":"archivio"},"url":"https:\/\/www.romasette.it\/archivio\/author\/archivio\/"}]}},"_links":{"self":[{"href":"https:\/\/www.romasette.it\/archivio\/wp-json\/wp\/v2\/posts\/21430"}],"collection":[{"href":"https:\/\/www.romasette.it\/archivio\/wp-json\/wp\/v2\/posts"}],"about":[{"href":"https:\/\/www.romasette.it\/archivio\/wp-json\/wp\/v2\/types\/post"}],"author":[{"embeddable":true,"href":"https:\/\/www.romasette.it\/archivio\/wp-json\/wp\/v2\/users\/1"}],"replies":[{"embeddable":true,"href":"https:\/\/www.romasette.it\/archivio\/wp-json\/wp\/v2\/comments?post=21430"}],"version-history":[{"count":0,"href":"https:\/\/www.romasette.it\/archivio\/wp-json\/wp\/v2\/posts\/21430\/revisions"}],"wp:attachment":[{"href":"https:\/\/www.romasette.it\/archivio\/wp-json\/wp\/v2\/media?parent=21430"}],"wp:term":[{"taxonomy":"category","embeddable":true,"href":"https:\/\/www.romasette.it\/archivio\/wp-json\/wp\/v2\/categories?post=21430"},{"taxonomy":"post_tag","embeddable":true,"href":"https:\/\/www.romasette.it\/archivio\/wp-json\/wp\/v2\/tags?post=21430"}],"curies":[{"name":"wp","href":"https:\/\/api.w.org\/{rel}","templated":true}]}}