{"id":25323,"date":"2010-06-18T00:00:00","date_gmt":"2010-06-17T22:00:00","guid":{"rendered":"https:\/\/www.romasette.it\/archivio\/senza-tetto-in-mostra-al-san-camillo-forlanini\/"},"modified":"2010-06-18T00:00:00","modified_gmt":"2010-06-17T22:00:00","slug":"senza-tetto-in-mostra-al-san-camillo-forlanini","status":"publish","type":"post","link":"https:\/\/www.romasette.it\/archivio\/senza-tetto-in-mostra-al-san-camillo-forlanini\/","title":{"rendered":"Senza tetto in mostra al San Camillo-Forlanini"},"content":{"rendered":"<p>Un primo piano sugli occhi di Sergio, segnati dalle rughe e dall&#8217;esperienza; la luce sul sorriso di Claire, giovane madre congolese scappata dalla guerra. Sono queste alcune delle immagini scelte dal <strong>fotoreporter Manolo Cinti<\/strong> e raccolte nella <strong>mostra &#8220;Coraggio, si ricomincia!&#8221;<\/strong>, presentata venerd\u00ec scorso (18 giugno) presso l&#8217;<strong>Ospedale San Camillo di Roma<\/strong>. L&#8217;esposizione racconta un anno di lavoro di un <strong>nuovo progetto solidale di accoglienza e sostegno dei senza fissa dimora<\/strong>, nato dalla collaborazione tra la stessa azienda ospedaliera San Camillo-Forlanini, i volontari della <strong>Comunit\u00e0 di Sant&#8217;Egidio<\/strong> e dell&#8217;<strong>Associazione Salvamamme<\/strong>, e la rete di aziende private <strong>Commercity<\/strong>, che ha fornito generi di prima necessit\u00e0, cibo e vestiti.<\/p>\n<p>\u00abSiamo partiti con l&#8217;assistenza proprio dal nostro ospedale &#8211; spiega <strong>Alberto Bersani, portavoce della direzione generale del San Camillo-Forlanini<\/strong> &#8211; perch\u00e9 ormai da anni i padiglioni e i cortili del San Camillo sono stati scelti dai senza fissa dimora romani come luogo sicuro dove passare la notte, d&#8217;inverno e d&#8217;estate. All&#8217;inizio era palpabile lo scetticismo: c&#8217;\u00e8 chi riteneva anomalo che un&#8217;azienda sanitaria ad alta specializzazione come la nostra si occupasse di senza tetto. Oggi possiamo dire di aver dato una risposta di altissima qualit\u00e0 ai bisogni dei pi\u00f9 deboli, e ne siamo orgogliosi\u00bb.<\/p>\n<p>Dalle testimonianze dirette e dal lavoro dei volontari arrivano i nuovi dati sul disagio sociale a Roma: <strong>l&#8217;et\u00e0 media di chi vive per strada si \u00e8 abbassata, i migranti sono aumentati, ma al tempo stesso \u00e8 aumentato il numero di anziani sopra i 65 anni che chiedono pacchi alimentari<\/strong>. \u00abA causa della ben nota crisi globale, la povert\u00e0 sta aumentando &#8211; denuncia <strong>Augusto D&#8217;Angelo, della Comunit\u00e0 di Sant&#8217;Egidio<\/strong> &#8211; ma dei poveri si parla sempre meno. E cosa ben pi\u00f9 grave, il problema viene affrontato ancora in maniera emergenziale, con progetti stagionali senza continuit\u00e0: cos\u00ec si ricomincia sempre da zero. Questo progetto \u00e8 partito invece con un approccio lungimirante, mettendo insieme l&#8217;esperienza delle associazioni e delle amministrazioni sanitarie pubbliche con i fondi dei privati. La burocrazia, invece, spesso \u00e8 un ostacolo per chi vuole ricostruirsi una vita perduta anni prima\u00bb. L&#8217;85% dei Comuni italiani, secondo i dati diffusi da Sant&#8217;Egidio, non ha ancora attivato il sistema di residenza fittizia per i senza fissa dimora, necessario per usufruire dei servizi statali.<\/p>\n<p>\u00abIl problema oltrepassa i nostri confini &#8211; spiega <strong>Roberta Angelilli, vicepresidente del Parlamento Europeo<\/strong>, intervenuta alla presentazione -. Nel nostro ricco continente, 80 milioni di persone sono sotto la soglia di povert\u00e0: un numero enorme, ingiustificabile. Per questo l&#8217;Unione Europea ha proclamato ufficialmente il 2010 anno di lotta alla povert\u00e0. Per il contrasto al disagio sociale noi oggi spendiamo solo il 7% del bilancio comunitario: ci impegniamo a stanziare una cifra ben maggiore\u00bb.<\/p>\n<p>Nelle foto della mostra c&#8217;\u00e8 anche Carmelo, classe 1946, professore di storia e di letteratura. Nel 1992 una malattia che sembrava incurabile lo costringe in ospedale per 14 mesi. Gli otto anni successivi li vive per strada. Oggi ha ritrovato la stabilit\u00e0 e mette a frutto la sua esperienza come volontario. \u00abLa politica ora deve fare di pi\u00f9. Qui a Roma ho partecipato a troppi funerali &#8211; racconta Carmelo, visibilmente commosso -, di amici morti a causa del freddo e della violenza. I funerali costano troppo ai nostri cuori\u00bb.<\/p>\n<p>18 giugno 2010<\/p>\n","protected":false},"excerpt":{"rendered":"<p><img decoding=\"async\" class=\"immagine_sx\" alt=\"\" src=\"https:\/\/www.romasette.it\/uploads\/img452f63679ebc4.jpg\"\/>L&#8217;azienda ospedaliera ospita gli scatti che raccontano il nuovo progetto di accoglienza e sostegno dei senza dimora portato avanti da Sant&#8217;Egidio, Salvamamme e Commercity <span class=\"autore\">di Massimo Camussi<\/span><\/p>\n","protected":false},"author":1,"featured_media":0,"comment_status":"open","ping_status":"open","sticky":false,"template":"","format":"standard","meta":{"footnotes":""},"categories":[343],"tags":[],"yoast_head":"<!-- This site is optimized with the Yoast SEO plugin v24.5 - https:\/\/yoast.com\/wordpress\/plugins\/seo\/ -->\n<title>Senza tetto in mostra al San Camillo-Forlanini - Archivio Storico RS<\/title>\n<meta name=\"robots\" content=\"index, follow, max-snippet:-1, max-image-preview:large, max-video-preview:-1\" \/>\n<link rel=\"canonical\" href=\"https:\/\/www.romasette.it\/archivio\/senza-tetto-in-mostra-al-san-camillo-forlanini\/\" \/>\n<meta property=\"og:locale\" content=\"it_IT\" \/>\n<meta property=\"og:type\" content=\"article\" \/>\n<meta property=\"og:title\" content=\"Senza tetto in mostra al San Camillo-Forlanini - Archivio Storico RS\" \/>\n<meta property=\"og:description\" content=\"L&#039;azienda ospedaliera ospita gli scatti che raccontano il nuovo progetto di accoglienza e sostegno dei senza dimora portato avanti da Sant&#039;Egidio, Salvamamme e Commercity di Massimo Camussi\" \/>\n<meta property=\"og:url\" content=\"https:\/\/www.romasette.it\/archivio\/senza-tetto-in-mostra-al-san-camillo-forlanini\/\" \/>\n<meta property=\"og:site_name\" content=\"Archivio Storico RS\" \/>\n<meta property=\"article:published_time\" content=\"2010-06-17T22:00:00+00:00\" \/>\n<meta name=\"author\" content=\"archivio\" \/>\n<meta name=\"twitter:card\" content=\"summary_large_image\" \/>\n<meta name=\"twitter:label1\" content=\"Scritto da\" \/>\n\t<meta name=\"twitter:data1\" content=\"archivio\" \/>\n\t<meta name=\"twitter:label2\" content=\"Tempo di lettura stimato\" \/>\n\t<meta name=\"twitter:data2\" content=\"3 minuti\" \/>\n<script type=\"application\/ld+json\" class=\"yoast-schema-graph\">{\"@context\":\"https:\/\/schema.org\",\"@graph\":[{\"@type\":\"WebPage\",\"@id\":\"https:\/\/www.romasette.it\/archivio\/senza-tetto-in-mostra-al-san-camillo-forlanini\/\",\"url\":\"https:\/\/www.romasette.it\/archivio\/senza-tetto-in-mostra-al-san-camillo-forlanini\/\",\"name\":\"Senza tetto in mostra al San Camillo-Forlanini - Archivio Storico RS\",\"isPartOf\":{\"@id\":\"https:\/\/www.romasette.it\/archivio\/#website\"},\"datePublished\":\"2010-06-17T22:00:00+00:00\",\"author\":{\"@id\":\"https:\/\/www.romasette.it\/archivio\/#\/schema\/person\/8b3f680d37dbda05fae782e14e685cb1\"},\"breadcrumb\":{\"@id\":\"https:\/\/www.romasette.it\/archivio\/senza-tetto-in-mostra-al-san-camillo-forlanini\/#breadcrumb\"},\"inLanguage\":\"it-IT\",\"potentialAction\":[{\"@type\":\"ReadAction\",\"target\":[\"https:\/\/www.romasette.it\/archivio\/senza-tetto-in-mostra-al-san-camillo-forlanini\/\"]}]},{\"@type\":\"BreadcrumbList\",\"@id\":\"https:\/\/www.romasette.it\/archivio\/senza-tetto-in-mostra-al-san-camillo-forlanini\/#breadcrumb\",\"itemListElement\":[{\"@type\":\"ListItem\",\"position\":1,\"name\":\"Home\",\"item\":\"https:\/\/www.romasette.it\/archivio\/\"},{\"@type\":\"ListItem\",\"position\":2,\"name\":\"Senza tetto in mostra al San Camillo-Forlanini\"}]},{\"@type\":\"WebSite\",\"@id\":\"https:\/\/www.romasette.it\/archivio\/#website\",\"url\":\"https:\/\/www.romasette.it\/archivio\/\",\"name\":\"Archivio Storico RS\",\"description\":\"archivio storico\",\"potentialAction\":[{\"@type\":\"SearchAction\",\"target\":{\"@type\":\"EntryPoint\",\"urlTemplate\":\"https:\/\/www.romasette.it\/archivio\/?s={search_term_string}\"},\"query-input\":{\"@type\":\"PropertyValueSpecification\",\"valueRequired\":true,\"valueName\":\"search_term_string\"}}],\"inLanguage\":\"it-IT\"},{\"@type\":\"Person\",\"@id\":\"https:\/\/www.romasette.it\/archivio\/#\/schema\/person\/8b3f680d37dbda05fae782e14e685cb1\",\"name\":\"archivio\",\"image\":{\"@type\":\"ImageObject\",\"inLanguage\":\"it-IT\",\"@id\":\"https:\/\/www.romasette.it\/archivio\/#\/schema\/person\/image\/\",\"url\":\"https:\/\/secure.gravatar.com\/avatar\/209851bf0c8c5f4ec80bee64baa5af7c?s=96&d=mm&r=g\",\"contentUrl\":\"https:\/\/secure.gravatar.com\/avatar\/209851bf0c8c5f4ec80bee64baa5af7c?s=96&d=mm&r=g\",\"caption\":\"archivio\"},\"url\":\"https:\/\/www.romasette.it\/archivio\/author\/archivio\/\"}]}<\/script>\n<!-- \/ Yoast SEO plugin. -->","yoast_head_json":{"title":"Senza tetto in mostra al San Camillo-Forlanini - Archivio Storico RS","robots":{"index":"index","follow":"follow","max-snippet":"max-snippet:-1","max-image-preview":"max-image-preview:large","max-video-preview":"max-video-preview:-1"},"canonical":"https:\/\/www.romasette.it\/archivio\/senza-tetto-in-mostra-al-san-camillo-forlanini\/","og_locale":"it_IT","og_type":"article","og_title":"Senza tetto in mostra al San Camillo-Forlanini - Archivio Storico RS","og_description":"L'azienda ospedaliera ospita gli scatti che raccontano il nuovo progetto di accoglienza e sostegno dei senza dimora portato avanti da Sant'Egidio, Salvamamme e Commercity di Massimo Camussi","og_url":"https:\/\/www.romasette.it\/archivio\/senza-tetto-in-mostra-al-san-camillo-forlanini\/","og_site_name":"Archivio Storico RS","article_published_time":"2010-06-17T22:00:00+00:00","author":"archivio","twitter_card":"summary_large_image","twitter_misc":{"Scritto da":"archivio","Tempo di lettura stimato":"3 minuti"},"schema":{"@context":"https:\/\/schema.org","@graph":[{"@type":"WebPage","@id":"https:\/\/www.romasette.it\/archivio\/senza-tetto-in-mostra-al-san-camillo-forlanini\/","url":"https:\/\/www.romasette.it\/archivio\/senza-tetto-in-mostra-al-san-camillo-forlanini\/","name":"Senza tetto in mostra al San Camillo-Forlanini - Archivio Storico RS","isPartOf":{"@id":"https:\/\/www.romasette.it\/archivio\/#website"},"datePublished":"2010-06-17T22:00:00+00:00","author":{"@id":"https:\/\/www.romasette.it\/archivio\/#\/schema\/person\/8b3f680d37dbda05fae782e14e685cb1"},"breadcrumb":{"@id":"https:\/\/www.romasette.it\/archivio\/senza-tetto-in-mostra-al-san-camillo-forlanini\/#breadcrumb"},"inLanguage":"it-IT","potentialAction":[{"@type":"ReadAction","target":["https:\/\/www.romasette.it\/archivio\/senza-tetto-in-mostra-al-san-camillo-forlanini\/"]}]},{"@type":"BreadcrumbList","@id":"https:\/\/www.romasette.it\/archivio\/senza-tetto-in-mostra-al-san-camillo-forlanini\/#breadcrumb","itemListElement":[{"@type":"ListItem","position":1,"name":"Home","item":"https:\/\/www.romasette.it\/archivio\/"},{"@type":"ListItem","position":2,"name":"Senza tetto in mostra al San Camillo-Forlanini"}]},{"@type":"WebSite","@id":"https:\/\/www.romasette.it\/archivio\/#website","url":"https:\/\/www.romasette.it\/archivio\/","name":"Archivio Storico RS","description":"archivio storico","potentialAction":[{"@type":"SearchAction","target":{"@type":"EntryPoint","urlTemplate":"https:\/\/www.romasette.it\/archivio\/?s={search_term_string}"},"query-input":{"@type":"PropertyValueSpecification","valueRequired":true,"valueName":"search_term_string"}}],"inLanguage":"it-IT"},{"@type":"Person","@id":"https:\/\/www.romasette.it\/archivio\/#\/schema\/person\/8b3f680d37dbda05fae782e14e685cb1","name":"archivio","image":{"@type":"ImageObject","inLanguage":"it-IT","@id":"https:\/\/www.romasette.it\/archivio\/#\/schema\/person\/image\/","url":"https:\/\/secure.gravatar.com\/avatar\/209851bf0c8c5f4ec80bee64baa5af7c?s=96&d=mm&r=g","contentUrl":"https:\/\/secure.gravatar.com\/avatar\/209851bf0c8c5f4ec80bee64baa5af7c?s=96&d=mm&r=g","caption":"archivio"},"url":"https:\/\/www.romasette.it\/archivio\/author\/archivio\/"}]}},"_links":{"self":[{"href":"https:\/\/www.romasette.it\/archivio\/wp-json\/wp\/v2\/posts\/25323"}],"collection":[{"href":"https:\/\/www.romasette.it\/archivio\/wp-json\/wp\/v2\/posts"}],"about":[{"href":"https:\/\/www.romasette.it\/archivio\/wp-json\/wp\/v2\/types\/post"}],"author":[{"embeddable":true,"href":"https:\/\/www.romasette.it\/archivio\/wp-json\/wp\/v2\/users\/1"}],"replies":[{"embeddable":true,"href":"https:\/\/www.romasette.it\/archivio\/wp-json\/wp\/v2\/comments?post=25323"}],"version-history":[{"count":0,"href":"https:\/\/www.romasette.it\/archivio\/wp-json\/wp\/v2\/posts\/25323\/revisions"}],"wp:attachment":[{"href":"https:\/\/www.romasette.it\/archivio\/wp-json\/wp\/v2\/media?parent=25323"}],"wp:term":[{"taxonomy":"category","embeddable":true,"href":"https:\/\/www.romasette.it\/archivio\/wp-json\/wp\/v2\/categories?post=25323"},{"taxonomy":"post_tag","embeddable":true,"href":"https:\/\/www.romasette.it\/archivio\/wp-json\/wp\/v2\/tags?post=25323"}],"curies":[{"name":"wp","href":"https:\/\/api.w.org\/{rel}","templated":true}]}}