{"id":25345,"date":"2010-06-25T00:00:00","date_gmt":"2010-06-24T22:00:00","guid":{"rendered":"https:\/\/www.romasette.it\/archivio\/ornaghi-confermato-alla-guida-della-cattolica\/"},"modified":"2019-10-27T00:47:23","modified_gmt":"2019-10-26T22:47:23","slug":"ornaghi-confermato-alla-guida-della-cattolica","status":"publish","type":"post","link":"https:\/\/www.romasette.it\/archivio\/ornaghi-confermato-alla-guida-della-cattolica\/","title":{"rendered":"Ornaghi confermato alla guida della Cattolica"},"content":{"rendered":"<p>Il Consiglio di amministrazione dell\u2019Universit\u00e0 Cattolica del Sacro Cuore, riunitosi ieri (gioved\u00ec 24 giugno 2010) nella sede di Milano, ha confermato all\u2019unanimit\u00e0 alla guida dell\u2019ateneo per il quadriennio 2010-2014 il professor <strong>Lorenzo Ornaghi, ordinario di Scienza politica<\/strong>.<\/p>\n<p>Il professor Ornaghi, rettore dal 1\u00b0 novembre 2002, \u00e8 il settimo rettore nella storia dell\u2019Ateneo fondato da padre Gemelli nel 1921. Dalla fondazione a oggi, hanno ricoperto l\u2019incarico padre Agostino Gemelli (1921-1959), Francesco Vito (1959-1965), Ezio Franceschini (1965-1968), Giuseppe Lazzati (1968-1983), Adriano Bausola (1983-1998) e Sergio Zaninelli (1998-2002).<\/p>\n<p>Il professor Lorenzo Ornaghi, nel ringraziare il Consiglio di amministrazione che lo ha confermato alla guida dell\u2019Universit\u00e0 Cattolica del Sacro Cuore, ha ribadito la sua volont\u00e0 di guardare al futuro dell\u2019Ateneo con un rinnovato slancio creativo. \u00abNel prossimo quadriennio &#8211; ha spiegato il professor Ornaghi &#8211; siamo chiamati a un sempre pi\u00f9 efficace impegno educativo, contestualmente a un potenziamento della preparazione professionale dei nostri studenti. Dovremo poi lavorare per rendere pi\u00f9 coerente, unitario e visibile il nostro articolato sistema di iniziative internazionali, nonch\u00e9 le numerose attivit\u00e0 di scambio e cooperazione con gli atenei di tutto il mondo, e in particolare con le universit\u00e0 cattoliche. Sar\u00e0 necessario, infine, puntare a una maggiore valorizzazione dell\u2019impegno scientifico e culturale: dalla rilevanza e dalla qualit\u00e0 dei risultati che sapremo perseguire in questi ambiti dipende infatti una presenza cattolica non solo in grado di offrire la preziosa testimonianza di una \u201cminoranza\u201d, ma anche capace di esercitare quotidianamente quella \u2018creativit\u00e0\u2019 indispensabile per orientare lo sviluppo della societ\u00e0 italiana ed europea\u00bb.<\/p>\n<p>Il professor Lorenzo Ornaghi, 61 anni, \u00e8 rettore dell&#8217;Universit\u00e0 Cattolica del Sacro Cuore dal 1\u00b0 novembre 2002. Nella stesso ateneo ha conseguito la laurea in Scienze politiche nel 1972 e dal 1990 \u00e8 titolare della cattedra di Scienza politica. Autore di numerosi volumi e saggi pubblicati su riviste italiane e internazionali, oltre che alle indagini sulle trasformazioni del sistema politico e sul concetto di rappresentanza e organizzazione degli interessi, si \u00e8 dedicato allo studio dell&#8217;integrazione politico-istituzionale dell\u2019Europa. Dal 1996 Ornaghi \u00e8 direttore dell&#8217;Alta scuola di Economia e relazioni internazionali (Aseri) e dal 2003 della rivista \u201cVita e Pensiero\u201d. Dal 1998 \u00e8 membro del Consiglio di Amministrazione del quotidiano <i>Avvenire<\/i>, di cui dal 2002 \u00e8 vicepresidente. Nel 2005 ha ricevuto la laurea <i>honoris causa<\/i> in Giurisprudenza, conferita dall\u2019Universit\u00e0 Cattolica P\u00e1zm\u00e1ny P\u00e9ter di Budapest. Dal 2001 al 2006 \u00e8 stato il primo Presidente dell&#8217;Agenzia per le Onlus.<\/p>\n<p>L\u2019Universit\u00e0 Cattolica del Sacro Cuore con cinque sedi, 14 facolt\u00e0, 42mila studenti e pi\u00f9 di 1.400 docenti \u00e8 l\u2019universit\u00e0 non statale pi\u00f9 grande d\u2019Europa. Fondata a Milano nel 1921 da padre Agostino Gemelli, \u00e8 presente anche a Brescia, Piacenza-Cremona, Campobasso e Roma, dove ha sede il Policlinico universitario \u201cA. Gemelli\u201d.<\/p>\n<p>25 giugno 2010<\/p>\n","protected":false},"excerpt":{"rendered":"<p><img decoding=\"async\" class=\"immagine_sx\" alt=\"\" src=\"https:\/\/www.romasette.it\/uploads\/img4c2486d5c0f48.jpg\"\/>Ordinario di Scienza politica, \u00e8 rettore dell&#8217;ateneo dal 2002. \u00abNel prossimo quadriennio chiamati a un sempre pi\u00f9 efficace impegno educativo\u00bb <span class=\"autore\">di R. S.<\/span><\/p>\n","protected":false},"author":82,"featured_media":0,"comment_status":"open","ping_status":"open","sticky":false,"template":"","format":"standard","meta":{"footnotes":""},"categories":[341],"tags":[],"yoast_head":"<!-- This site is optimized with the Yoast SEO plugin v24.5 - https:\/\/yoast.com\/wordpress\/plugins\/seo\/ -->\n<title>Ornaghi confermato alla guida della Cattolica - Archivio Storico RS<\/title>\n<meta name=\"robots\" content=\"index, follow, max-snippet:-1, max-image-preview:large, max-video-preview:-1\" \/>\n<link rel=\"canonical\" href=\"https:\/\/www.romasette.it\/archivio\/ornaghi-confermato-alla-guida-della-cattolica\/\" \/>\n<meta property=\"og:locale\" content=\"it_IT\" \/>\n<meta property=\"og:type\" content=\"article\" \/>\n<meta property=\"og:title\" content=\"Ornaghi confermato alla guida della Cattolica - Archivio Storico RS\" \/>\n<meta property=\"og:description\" content=\"Ordinario di Scienza politica, \u00e8 rettore dell&#039;ateneo dal 2002. \u00abNel prossimo quadriennio chiamati a un sempre pi\u00f9 efficace impegno educativo\u00bb di R. S.\" \/>\n<meta property=\"og:url\" content=\"https:\/\/www.romasette.it\/archivio\/ornaghi-confermato-alla-guida-della-cattolica\/\" \/>\n<meta property=\"og:site_name\" content=\"Archivio Storico RS\" \/>\n<meta property=\"article:published_time\" content=\"2010-06-24T22:00:00+00:00\" \/>\n<meta property=\"article:modified_time\" content=\"2019-10-26T22:47:23+00:00\" \/>\n<meta name=\"author\" content=\"R. S.\" \/>\n<meta name=\"twitter:card\" content=\"summary_large_image\" \/>\n<meta name=\"twitter:label1\" content=\"Scritto da\" \/>\n\t<meta name=\"twitter:data1\" content=\"R. S.\" \/>\n\t<meta name=\"twitter:label2\" content=\"Tempo di lettura stimato\" \/>\n\t<meta name=\"twitter:data2\" content=\"2 minuti\" \/>\n<script type=\"application\/ld+json\" class=\"yoast-schema-graph\">{\"@context\":\"https:\/\/schema.org\",\"@graph\":[{\"@type\":\"WebPage\",\"@id\":\"https:\/\/www.romasette.it\/archivio\/ornaghi-confermato-alla-guida-della-cattolica\/\",\"url\":\"https:\/\/www.romasette.it\/archivio\/ornaghi-confermato-alla-guida-della-cattolica\/\",\"name\":\"Ornaghi confermato alla guida della Cattolica - Archivio Storico RS\",\"isPartOf\":{\"@id\":\"https:\/\/www.romasette.it\/archivio\/#website\"},\"datePublished\":\"2010-06-24T22:00:00+00:00\",\"dateModified\":\"2019-10-26T22:47:23+00:00\",\"author\":{\"@id\":\"https:\/\/www.romasette.it\/archivio\/#\/schema\/person\/b61595f7d9cbd1bc5ed8023a6df9102e\"},\"breadcrumb\":{\"@id\":\"https:\/\/www.romasette.it\/archivio\/ornaghi-confermato-alla-guida-della-cattolica\/#breadcrumb\"},\"inLanguage\":\"it-IT\",\"potentialAction\":[{\"@type\":\"ReadAction\",\"target\":[\"https:\/\/www.romasette.it\/archivio\/ornaghi-confermato-alla-guida-della-cattolica\/\"]}]},{\"@type\":\"BreadcrumbList\",\"@id\":\"https:\/\/www.romasette.it\/archivio\/ornaghi-confermato-alla-guida-della-cattolica\/#breadcrumb\",\"itemListElement\":[{\"@type\":\"ListItem\",\"position\":1,\"name\":\"Home\",\"item\":\"https:\/\/www.romasette.it\/archivio\/\"},{\"@type\":\"ListItem\",\"position\":2,\"name\":\"Ornaghi confermato alla guida della Cattolica\"}]},{\"@type\":\"WebSite\",\"@id\":\"https:\/\/www.romasette.it\/archivio\/#website\",\"url\":\"https:\/\/www.romasette.it\/archivio\/\",\"name\":\"Archivio Storico RS\",\"description\":\"archivio storico\",\"potentialAction\":[{\"@type\":\"SearchAction\",\"target\":{\"@type\":\"EntryPoint\",\"urlTemplate\":\"https:\/\/www.romasette.it\/archivio\/?s={search_term_string}\"},\"query-input\":{\"@type\":\"PropertyValueSpecification\",\"valueRequired\":true,\"valueName\":\"search_term_string\"}}],\"inLanguage\":\"it-IT\"},{\"@type\":\"Person\",\"@id\":\"https:\/\/www.romasette.it\/archivio\/#\/schema\/person\/b61595f7d9cbd1bc5ed8023a6df9102e\",\"name\":\"R. S.\",\"image\":{\"@type\":\"ImageObject\",\"inLanguage\":\"it-IT\",\"@id\":\"https:\/\/www.romasette.it\/archivio\/#\/schema\/person\/image\/\",\"url\":\"https:\/\/secure.gravatar.com\/avatar\/2396ccf09d32bbb1ee064c4dad43f38d?s=96&d=mm&r=g\",\"contentUrl\":\"https:\/\/secure.gravatar.com\/avatar\/2396ccf09d32bbb1ee064c4dad43f38d?s=96&d=mm&r=g\",\"caption\":\"R. S.\"},\"url\":\"https:\/\/www.romasette.it\/archivio\/author\/r-s\/\"}]}<\/script>\n<!-- \/ Yoast SEO plugin. -->","yoast_head_json":{"title":"Ornaghi confermato alla guida della Cattolica - Archivio Storico RS","robots":{"index":"index","follow":"follow","max-snippet":"max-snippet:-1","max-image-preview":"max-image-preview:large","max-video-preview":"max-video-preview:-1"},"canonical":"https:\/\/www.romasette.it\/archivio\/ornaghi-confermato-alla-guida-della-cattolica\/","og_locale":"it_IT","og_type":"article","og_title":"Ornaghi confermato alla guida della Cattolica - Archivio Storico RS","og_description":"Ordinario di Scienza politica, \u00e8 rettore dell'ateneo dal 2002. \u00abNel prossimo quadriennio chiamati a un sempre pi\u00f9 efficace impegno educativo\u00bb di R. S.","og_url":"https:\/\/www.romasette.it\/archivio\/ornaghi-confermato-alla-guida-della-cattolica\/","og_site_name":"Archivio Storico RS","article_published_time":"2010-06-24T22:00:00+00:00","article_modified_time":"2019-10-26T22:47:23+00:00","author":"R. S.","twitter_card":"summary_large_image","twitter_misc":{"Scritto da":"R. S.","Tempo di lettura stimato":"2 minuti"},"schema":{"@context":"https:\/\/schema.org","@graph":[{"@type":"WebPage","@id":"https:\/\/www.romasette.it\/archivio\/ornaghi-confermato-alla-guida-della-cattolica\/","url":"https:\/\/www.romasette.it\/archivio\/ornaghi-confermato-alla-guida-della-cattolica\/","name":"Ornaghi confermato alla guida della Cattolica - Archivio Storico RS","isPartOf":{"@id":"https:\/\/www.romasette.it\/archivio\/#website"},"datePublished":"2010-06-24T22:00:00+00:00","dateModified":"2019-10-26T22:47:23+00:00","author":{"@id":"https:\/\/www.romasette.it\/archivio\/#\/schema\/person\/b61595f7d9cbd1bc5ed8023a6df9102e"},"breadcrumb":{"@id":"https:\/\/www.romasette.it\/archivio\/ornaghi-confermato-alla-guida-della-cattolica\/#breadcrumb"},"inLanguage":"it-IT","potentialAction":[{"@type":"ReadAction","target":["https:\/\/www.romasette.it\/archivio\/ornaghi-confermato-alla-guida-della-cattolica\/"]}]},{"@type":"BreadcrumbList","@id":"https:\/\/www.romasette.it\/archivio\/ornaghi-confermato-alla-guida-della-cattolica\/#breadcrumb","itemListElement":[{"@type":"ListItem","position":1,"name":"Home","item":"https:\/\/www.romasette.it\/archivio\/"},{"@type":"ListItem","position":2,"name":"Ornaghi confermato alla guida della Cattolica"}]},{"@type":"WebSite","@id":"https:\/\/www.romasette.it\/archivio\/#website","url":"https:\/\/www.romasette.it\/archivio\/","name":"Archivio Storico RS","description":"archivio storico","potentialAction":[{"@type":"SearchAction","target":{"@type":"EntryPoint","urlTemplate":"https:\/\/www.romasette.it\/archivio\/?s={search_term_string}"},"query-input":{"@type":"PropertyValueSpecification","valueRequired":true,"valueName":"search_term_string"}}],"inLanguage":"it-IT"},{"@type":"Person","@id":"https:\/\/www.romasette.it\/archivio\/#\/schema\/person\/b61595f7d9cbd1bc5ed8023a6df9102e","name":"R. S.","image":{"@type":"ImageObject","inLanguage":"it-IT","@id":"https:\/\/www.romasette.it\/archivio\/#\/schema\/person\/image\/","url":"https:\/\/secure.gravatar.com\/avatar\/2396ccf09d32bbb1ee064c4dad43f38d?s=96&d=mm&r=g","contentUrl":"https:\/\/secure.gravatar.com\/avatar\/2396ccf09d32bbb1ee064c4dad43f38d?s=96&d=mm&r=g","caption":"R. S."},"url":"https:\/\/www.romasette.it\/archivio\/author\/r-s\/"}]}},"_links":{"self":[{"href":"https:\/\/www.romasette.it\/archivio\/wp-json\/wp\/v2\/posts\/25345"}],"collection":[{"href":"https:\/\/www.romasette.it\/archivio\/wp-json\/wp\/v2\/posts"}],"about":[{"href":"https:\/\/www.romasette.it\/archivio\/wp-json\/wp\/v2\/types\/post"}],"author":[{"embeddable":true,"href":"https:\/\/www.romasette.it\/archivio\/wp-json\/wp\/v2\/users\/82"}],"replies":[{"embeddable":true,"href":"https:\/\/www.romasette.it\/archivio\/wp-json\/wp\/v2\/comments?post=25345"}],"version-history":[{"count":1,"href":"https:\/\/www.romasette.it\/archivio\/wp-json\/wp\/v2\/posts\/25345\/revisions"}],"predecessor-version":[{"id":36807,"href":"https:\/\/www.romasette.it\/archivio\/wp-json\/wp\/v2\/posts\/25345\/revisions\/36807"}],"wp:attachment":[{"href":"https:\/\/www.romasette.it\/archivio\/wp-json\/wp\/v2\/media?parent=25345"}],"wp:term":[{"taxonomy":"category","embeddable":true,"href":"https:\/\/www.romasette.it\/archivio\/wp-json\/wp\/v2\/categories?post=25345"},{"taxonomy":"post_tag","embeddable":true,"href":"https:\/\/www.romasette.it\/archivio\/wp-json\/wp\/v2\/tags?post=25345"}],"curies":[{"name":"wp","href":"https:\/\/api.w.org\/{rel}","templated":true}]}}