{"id":29098,"date":"2013-03-11T00:00:00","date_gmt":"2013-03-10T23:00:00","guid":{"rendered":"https:\/\/www.romasette.it\/archivio\/alla-vigilia-del-conclave\/"},"modified":"2019-10-27T00:30:42","modified_gmt":"2019-10-26T22:30:42","slug":"alla-vigilia-del-conclave","status":"publish","type":"post","link":"https:\/\/www.romasette.it\/archivio\/alla-vigilia-del-conclave\/","title":{"rendered":"Alla vigilia del conclave"},"content":{"rendered":"<p><strong>Saranno 77 i voti necessari<\/strong> per l\u2019elezione del nuovo pontefice. I due terzi dei votanti e dei presenti, come sancito da Benedetto XVI con il recente Motu Proprio \u201cNormas nonnullas\u201d. E la cifra non varia in caso di ballottaggio tra i due candidati pi\u00f9 votati (i quali perdono il diritto di voto), circostanza che potrebbe verificarsi a partire dal 34\u00b0 o 35\u00b0 scrutinio qualora i cardinali non fossero ancora arrivati all\u2019elezione. \u00c8 una delle norme pi\u00f9 significative in materia di conclave: l\u2019ingresso nella Cappella Sistina sar\u00e0 preceduto al mattino dalla Messa votiva \u00abpro eligendo Papa\u00bb, nella basilica di San Pietro. La celebrazione sar\u00e0 presieduta dal decano del collegio cardinalizio Angelo Sodano, 85 anni (senza diritto di accesso al conclave), e vedr\u00e0 la partecipazione di tutti i cardinali, anch\u2019essa una novit\u00e0 del Motu Proprio. <\/p>\n<p><strong>Dopo la liturgia, i protagonisti<\/strong> saranno solo i 115 cardinali elettori: coloro che, prima del giorno d\u2019inizio della sede vacante, non avevano ancora compiuto l\u201980\u00b0 anno di et\u00e0 e non hanno presentato rinuncia (il collegio ha accettato la rinuncia di due porporati). Dalla Cappella Paolina, nel pomeriggio, si recheranno in solenne processione alla Cappella Sistina, invocando l\u2019assistenza dello Spirito Santo con il canto del \u201cVeni Creator\u201d. Da quel giorno i cardinali elettori alloggeranno nella \u201cDomus Sanctae Marthae\u201d, in Vaticano, mentre \u00e8 indicata la necessit\u00e0 di un alloggio anche per alcune figure che, come prescrive la costituzione apostolica \u201cUniversi Dominici Gregis\u201d di Giovanni Paolo II, sono \u00abcoinvolte nello svolgimento dell\u2019elezione\u00bb: il segretario del collegio cardinalizio (l\u2019arcivescovo Lorenzo Baldisseri), segretario anche dell\u2019assemblea elettiva; il Maestro delle celebrazioni liturgiche pontificie (monsignor Guido Marini); otto cerimonieri; due religiosi addetti alla sagrestia pontificia; un ecclesiastico scelto dal cardinale che fa le veci del decano \u00abperch\u00e9 lo assista nel proprio ufficio\u00bb. E le attribuzioni di Sodano, nel conclave, saranno esercitate da Giovanni Battista Re. <\/p>\n<p><strong>La normativa non manca<\/strong> di curare ogni aspetto, come la disponibilit\u00e0 di religiosi per le confessioni, di due medici per eventuali emergenze e di addetti alla mensa e alle pulizie. Per tutti, compresi i due tecnici di fiducia chiamati a tutelare la segretezza del conclave, \u00e8 previsto l\u2019obbligo del giuramento. Il recente Motu Proprio conferma l\u2019impegno per garantire \u00abla riservatezza e il libero svolgimento di tutte le operazioni connesse con l\u2019elezione del Sommo Pontefice\u00bb, sia con la chiusura di tutti gli ambienti interessati alle persone non autorizzate sia provvedendo perch\u00e9 i cardinali elettori non siano avvicinati da nessuno durante il percorso dalla loro nuova temporanea residenza al Palazzo Apostolico, sia, ancora, vietando ai cardinali elettori ogni tipo di corrispondenza nei giorni del conclave e qualsiasi utilizzo dei mezzi di comunicazione. Ogni infrazione al segreto sar\u00e0 punita con la scomunica \u00ablatae sententiae\u00bb (cio\u00e8 automatica). Una pena che tuttavia non riguarda i cardinali, obbligati \u00abgraviter onerata conscientia\u00bb. <\/p>\n<p><strong>Per gli elettori \u00e8 previsto<\/strong> il giuramento subito dopo l\u2019ingresso nella Sistina: alla lunga formula collettiva sancita dalla \u201cUniversi Dominici Gregis\u201d, che sar\u00e0 letta da Re, seguir\u00e0 quella breve pronunciata da ogni singolo cardinale, toccando il Vangelo. Al termine, l\u2019\u00abextra omnes\u00bb (\u00abfuori tutti\u00bb): gli estranei al Conclave dovranno lasciare la Sistina. Ad intimarlo sar\u00e0 il Maestro delle celebrazioni liturgiche pontificie, che uscir\u00e0 dalla Cappella dopo la seconda meditazione ai cardinali elettori insieme all\u2019ecclesiastico scelto per tenerla, il cardinale maltese Prosper Grech. L\u2019unica modalit\u00e0 di elezione ammessa \u00e8 \u00abper scrutinium\u00bb. Previste due votazioni al mattino e due al pomeriggio, tranne nella prima giornata, quando nel pomeriggio potrebbe (ma non \u00e8 detto) avvenire gi\u00e0 la prima votazione. <\/p>\n<p><strong>Molto dettagliata la procedura<\/strong> dello scrutinio stabilita da Giovanni Paolo II e modificata solo marginalmente da Benedetto XVI. Il compito di distribuire le schede \u00e8 affidato ai cerimonieri, che saranno richiamati nella Sistina insieme al segretario del collegio e al Maestro delle celebrazioni. Viene considerata anche la possibilit\u00e0 della presenza di cardinali infermi che abbiano difficolt\u00e0 a esprimere il proprio voto. Tre cardinali fungeranno da scrutatori, tre da \u00abinfirmarii\u00bb (per il motivo suddetto), tre da revisori. Durante le votazioni, gli elettori dovranno rimanere soli nella Sistina. Un nuovo giuramento \u00e8 previsto all\u2019atto di deporre la scheda nell\u2019urna. Il post-scrutinio prevede il conteggio dei voti, il loro controllo e il bruciamento delle schede. Una pausa di preghiera e colloquio \u00e8 stabilita dopo tre giorni di scrutini senza esito, con una breve esortazione spirituale che toccher\u00e0 al cardinale \u00abprotodiacono\u00bb (primo dell\u2019ordine dei diaconi) Jean-Louis Tauran. E si andr\u00e0 avanti fino all\u2019eventuale ballottaggio. Avvenuta l\u2019elezione, scritti e appunti dovranno essere consegnati e bruciati con le schede. Il camerlengo stender\u00e0 una relazione sui risultati e la consegner\u00e0 al Papa; sar\u00e0 conservata nell\u2019apposito archivio e non potr\u00e0 essere aperta senza il permesso del futuro pontefice. Due i gesti significativi dopo l\u2019elezione. Il cardinale Re chieder\u00e0 il consenso dell\u2019eletto e come vorr\u00e0 essere chiamato. A Tauran spetter\u00e0 l\u2019onore di annunciare l\u2019elezione e il nome del nuovo Pontefice dalla loggia centrale di San Pietro.<\/p>\n<p>11 marzo 2013<\/p>\n","protected":false},"excerpt":{"rendered":"<p><img decoding=\"async\" class=\"immagine_sx\" alt=\"\" src=\"https:\/\/www.romasette.it\/uploads\/img513da297131d0.jpg\"\/>Il primo atto, la Messa &#8220;Pro eligendo&#8221;, domani mattina, 12 marzo, nella basilica di San Pietro. Quindi dal pomeriggio, dopo l&#8217;\u00abextra omnes\u00bb, l&#8217;inizio delle votazioni nella Cappella Sistina: 77 i voti necessari <span class=\"autore\">di Angelo Zema<\/span><\/p>\n","protected":false},"author":103,"featured_media":0,"comment_status":"open","ping_status":"open","sticky":false,"template":"","format":"standard","meta":{"footnotes":""},"categories":[351],"tags":[],"yoast_head":"<!-- This site is optimized with the Yoast SEO plugin v24.5 - https:\/\/yoast.com\/wordpress\/plugins\/seo\/ -->\n<title>Alla vigilia del conclave - Archivio Storico RS<\/title>\n<meta name=\"robots\" content=\"index, follow, max-snippet:-1, max-image-preview:large, max-video-preview:-1\" \/>\n<link rel=\"canonical\" href=\"https:\/\/www.romasette.it\/archivio\/alla-vigilia-del-conclave\/\" \/>\n<meta property=\"og:locale\" content=\"it_IT\" \/>\n<meta property=\"og:type\" content=\"article\" \/>\n<meta property=\"og:title\" content=\"Alla vigilia del conclave - Archivio Storico RS\" \/>\n<meta property=\"og:description\" content=\"Il primo atto, la Messa &quot;Pro eligendo&quot;, domani mattina, 12 marzo, nella basilica di San Pietro. Quindi dal pomeriggio, dopo l&#039;\u00abextra omnes\u00bb, l&#039;inizio delle votazioni nella Cappella Sistina: 77 i voti necessari di Angelo Zema\" \/>\n<meta property=\"og:url\" content=\"https:\/\/www.romasette.it\/archivio\/alla-vigilia-del-conclave\/\" \/>\n<meta property=\"og:site_name\" content=\"Archivio Storico RS\" \/>\n<meta property=\"article:published_time\" content=\"2013-03-10T23:00:00+00:00\" \/>\n<meta property=\"article:modified_time\" content=\"2019-10-26T22:30:42+00:00\" \/>\n<meta name=\"author\" content=\"Angelo Zema\" \/>\n<meta name=\"twitter:card\" content=\"summary_large_image\" \/>\n<meta name=\"twitter:label1\" content=\"Scritto da\" \/>\n\t<meta name=\"twitter:data1\" content=\"Angelo Zema\" \/>\n\t<meta name=\"twitter:label2\" content=\"Tempo di lettura stimato\" \/>\n\t<meta name=\"twitter:data2\" content=\"4 minuti\" \/>\n<script type=\"application\/ld+json\" class=\"yoast-schema-graph\">{\"@context\":\"https:\/\/schema.org\",\"@graph\":[{\"@type\":\"WebPage\",\"@id\":\"https:\/\/www.romasette.it\/archivio\/alla-vigilia-del-conclave\/\",\"url\":\"https:\/\/www.romasette.it\/archivio\/alla-vigilia-del-conclave\/\",\"name\":\"Alla vigilia del conclave - Archivio Storico RS\",\"isPartOf\":{\"@id\":\"https:\/\/www.romasette.it\/archivio\/#website\"},\"datePublished\":\"2013-03-10T23:00:00+00:00\",\"dateModified\":\"2019-10-26T22:30:42+00:00\",\"author\":{\"@id\":\"https:\/\/www.romasette.it\/archivio\/#\/schema\/person\/f2d31652703603fe571cfccea8485dec\"},\"breadcrumb\":{\"@id\":\"https:\/\/www.romasette.it\/archivio\/alla-vigilia-del-conclave\/#breadcrumb\"},\"inLanguage\":\"it-IT\",\"potentialAction\":[{\"@type\":\"ReadAction\",\"target\":[\"https:\/\/www.romasette.it\/archivio\/alla-vigilia-del-conclave\/\"]}]},{\"@type\":\"BreadcrumbList\",\"@id\":\"https:\/\/www.romasette.it\/archivio\/alla-vigilia-del-conclave\/#breadcrumb\",\"itemListElement\":[{\"@type\":\"ListItem\",\"position\":1,\"name\":\"Home\",\"item\":\"https:\/\/www.romasette.it\/archivio\/\"},{\"@type\":\"ListItem\",\"position\":2,\"name\":\"Alla vigilia del conclave\"}]},{\"@type\":\"WebSite\",\"@id\":\"https:\/\/www.romasette.it\/archivio\/#website\",\"url\":\"https:\/\/www.romasette.it\/archivio\/\",\"name\":\"Archivio Storico RS\",\"description\":\"archivio storico\",\"potentialAction\":[{\"@type\":\"SearchAction\",\"target\":{\"@type\":\"EntryPoint\",\"urlTemplate\":\"https:\/\/www.romasette.it\/archivio\/?s={search_term_string}\"},\"query-input\":{\"@type\":\"PropertyValueSpecification\",\"valueRequired\":true,\"valueName\":\"search_term_string\"}}],\"inLanguage\":\"it-IT\"},{\"@type\":\"Person\",\"@id\":\"https:\/\/www.romasette.it\/archivio\/#\/schema\/person\/f2d31652703603fe571cfccea8485dec\",\"name\":\"Angelo Zema\",\"image\":{\"@type\":\"ImageObject\",\"inLanguage\":\"it-IT\",\"@id\":\"https:\/\/www.romasette.it\/archivio\/#\/schema\/person\/image\/\",\"url\":\"https:\/\/secure.gravatar.com\/avatar\/907bbcb62716a97908180ff9642c70dd?s=96&d=mm&r=g\",\"contentUrl\":\"https:\/\/secure.gravatar.com\/avatar\/907bbcb62716a97908180ff9642c70dd?s=96&d=mm&r=g\",\"caption\":\"Angelo Zema\"},\"url\":\"https:\/\/www.romasette.it\/archivio\/author\/angelo-zema\/\"}]}<\/script>\n<!-- \/ Yoast SEO plugin. -->","yoast_head_json":{"title":"Alla vigilia del conclave - Archivio Storico RS","robots":{"index":"index","follow":"follow","max-snippet":"max-snippet:-1","max-image-preview":"max-image-preview:large","max-video-preview":"max-video-preview:-1"},"canonical":"https:\/\/www.romasette.it\/archivio\/alla-vigilia-del-conclave\/","og_locale":"it_IT","og_type":"article","og_title":"Alla vigilia del conclave - Archivio Storico RS","og_description":"Il primo atto, la Messa \"Pro eligendo\", domani mattina, 12 marzo, nella basilica di San Pietro. Quindi dal pomeriggio, dopo l'\u00abextra omnes\u00bb, l'inizio delle votazioni nella Cappella Sistina: 77 i voti necessari di Angelo Zema","og_url":"https:\/\/www.romasette.it\/archivio\/alla-vigilia-del-conclave\/","og_site_name":"Archivio Storico RS","article_published_time":"2013-03-10T23:00:00+00:00","article_modified_time":"2019-10-26T22:30:42+00:00","author":"Angelo Zema","twitter_card":"summary_large_image","twitter_misc":{"Scritto da":"Angelo Zema","Tempo di lettura stimato":"4 minuti"},"schema":{"@context":"https:\/\/schema.org","@graph":[{"@type":"WebPage","@id":"https:\/\/www.romasette.it\/archivio\/alla-vigilia-del-conclave\/","url":"https:\/\/www.romasette.it\/archivio\/alla-vigilia-del-conclave\/","name":"Alla vigilia del conclave - Archivio Storico RS","isPartOf":{"@id":"https:\/\/www.romasette.it\/archivio\/#website"},"datePublished":"2013-03-10T23:00:00+00:00","dateModified":"2019-10-26T22:30:42+00:00","author":{"@id":"https:\/\/www.romasette.it\/archivio\/#\/schema\/person\/f2d31652703603fe571cfccea8485dec"},"breadcrumb":{"@id":"https:\/\/www.romasette.it\/archivio\/alla-vigilia-del-conclave\/#breadcrumb"},"inLanguage":"it-IT","potentialAction":[{"@type":"ReadAction","target":["https:\/\/www.romasette.it\/archivio\/alla-vigilia-del-conclave\/"]}]},{"@type":"BreadcrumbList","@id":"https:\/\/www.romasette.it\/archivio\/alla-vigilia-del-conclave\/#breadcrumb","itemListElement":[{"@type":"ListItem","position":1,"name":"Home","item":"https:\/\/www.romasette.it\/archivio\/"},{"@type":"ListItem","position":2,"name":"Alla vigilia del conclave"}]},{"@type":"WebSite","@id":"https:\/\/www.romasette.it\/archivio\/#website","url":"https:\/\/www.romasette.it\/archivio\/","name":"Archivio Storico RS","description":"archivio storico","potentialAction":[{"@type":"SearchAction","target":{"@type":"EntryPoint","urlTemplate":"https:\/\/www.romasette.it\/archivio\/?s={search_term_string}"},"query-input":{"@type":"PropertyValueSpecification","valueRequired":true,"valueName":"search_term_string"}}],"inLanguage":"it-IT"},{"@type":"Person","@id":"https:\/\/www.romasette.it\/archivio\/#\/schema\/person\/f2d31652703603fe571cfccea8485dec","name":"Angelo Zema","image":{"@type":"ImageObject","inLanguage":"it-IT","@id":"https:\/\/www.romasette.it\/archivio\/#\/schema\/person\/image\/","url":"https:\/\/secure.gravatar.com\/avatar\/907bbcb62716a97908180ff9642c70dd?s=96&d=mm&r=g","contentUrl":"https:\/\/secure.gravatar.com\/avatar\/907bbcb62716a97908180ff9642c70dd?s=96&d=mm&r=g","caption":"Angelo Zema"},"url":"https:\/\/www.romasette.it\/archivio\/author\/angelo-zema\/"}]}},"_links":{"self":[{"href":"https:\/\/www.romasette.it\/archivio\/wp-json\/wp\/v2\/posts\/29098"}],"collection":[{"href":"https:\/\/www.romasette.it\/archivio\/wp-json\/wp\/v2\/posts"}],"about":[{"href":"https:\/\/www.romasette.it\/archivio\/wp-json\/wp\/v2\/types\/post"}],"author":[{"embeddable":true,"href":"https:\/\/www.romasette.it\/archivio\/wp-json\/wp\/v2\/users\/103"}],"replies":[{"embeddable":true,"href":"https:\/\/www.romasette.it\/archivio\/wp-json\/wp\/v2\/comments?post=29098"}],"version-history":[{"count":1,"href":"https:\/\/www.romasette.it\/archivio\/wp-json\/wp\/v2\/posts\/29098\/revisions"}],"predecessor-version":[{"id":33503,"href":"https:\/\/www.romasette.it\/archivio\/wp-json\/wp\/v2\/posts\/29098\/revisions\/33503"}],"wp:attachment":[{"href":"https:\/\/www.romasette.it\/archivio\/wp-json\/wp\/v2\/media?parent=29098"}],"wp:term":[{"taxonomy":"category","embeddable":true,"href":"https:\/\/www.romasette.it\/archivio\/wp-json\/wp\/v2\/categories?post=29098"},{"taxonomy":"post_tag","embeddable":true,"href":"https:\/\/www.romasette.it\/archivio\/wp-json\/wp\/v2\/tags?post=29098"}],"curies":[{"name":"wp","href":"https:\/\/api.w.org\/{rel}","templated":true}]}}