{"id":29109,"date":"2013-03-12T00:00:00","date_gmt":"2013-03-11T23:00:00","guid":{"rendered":"https:\/\/www.romasette.it\/archivio\/la-preghiera-personale-del-nuovo-papa\/"},"modified":"2019-10-27T00:46:02","modified_gmt":"2019-10-26T22:46:02","slug":"la-preghiera-personale-del-nuovo-papa","status":"publish","type":"post","link":"https:\/\/www.romasette.it\/archivio\/la-preghiera-personale-del-nuovo-papa\/","title":{"rendered":"La preghiera personale del nuovo Papa"},"content":{"rendered":"<p><strong>Una \u00abbreve preghiera<\/strong> personale e silenziosa davanti al Santissimo Sacramento\u00bb nella Cappella Paolina. Sar\u00e0 questo il primo atto del Papa che sar\u00e0 eletto dal conclave che si apre oggi, 12 marzo. Una novit\u00e0 illustrata ai giornalisti dal direttore della Sala stampa vaticana padre Federico Lombardi. Una volta raggiunto il \u201cquorum\u201d dei 2\/3 dei votanti \u2013 in questo caso, almeno 77 voti -, il cardinale Re, presidente dell\u2019assemblea, si rivolger\u00e0 al cardinale prescelto con la domanda: \u00abAccetti la tua elezione canonica a Sommo Pontefice?\u00bb; quindi gli chieder\u00e0 ancora: \u00abCon quale nome vuoi essere chiamato?\u00bb.<\/p>\n<p><strong>A questo punto avverr\u00e0<\/strong> la bruciatura delle schede che produrr\u00e0 la fumata bianca in caso di avvenuta accettazione. Il nuovo pontefice va nella \u201cStanza delle lacrime\u201d per indossare le vesti papali e torna nella Sistina per un\u2019altra piccola cerimonia: una preghiera, la lettura di un brano evangelico \u00abtipicamente legato al ministero petrino\u00bb e una preghiera in cui, ha spiegato ancora padre Lombardi, \u00abentrano come attori il primo dell\u2019ordine dei Diaconi, il primo dell\u2019ordine dei Presbiteri, il primo dell\u2019ordine dei Vescovi\u00bb. Quindi, sempre nella Sistina, l\u2019atto di ossequio e obbedienza dei cardinali al nuovo Papa, che poi esce per andare alla Loggia centrale della basilica di San Pietro, passa attraverso la Cappella Paolina e si ferma per un momento di preghiera \u00abpersonale, silenziosa\u00bb. Poi riprende il cammino e si affaccia alla Loggia delle Benedizioni per dare alla folla in piazza San Pietro il suo saluto e impartire la prima benedizione \u201cUrbi et Orbi\u201d. In quest\u2019occasione il protodiacono annuncia anche l\u2019indulgenza, come si fa a Pasqua e a Natale. <\/p>\n<p><strong>Dalla fumata bianca<\/strong> all\u2019annuncio del nuovo Papa, ha avvertito il portavoce vaticano, passano circa 45 minuti, che \u00abpotrebbero diventare di pi\u00f9\u00bb con la sosta di preghiera alla Paolina. Riguardo poi alla Messa di inaugurazione del pontificato, ha annunciato che \u00abpu\u00f2 essere celebrata anche in giorno feriale, non necessariamente di domenica, a seconda di quanto \u00e8 durato il Conclave e di quanto tempo \u00e8 opportuno dare anche alle delegazioni straniere che vogliano intervenire\u00bb.<\/p>\n<p>12 marzo 2013<\/p>\n","protected":false},"excerpt":{"rendered":"<p><img decoding=\"async\" class=\"immagine_sx\" alt=\"\" src=\"https:\/\/www.romasette.it\/uploads\/img5118ec74f0a55.gif\"\/>Annunciata da padre Lombardi una breve sosta \u00abdavanti al Santissimo Sacramento\u00bb, nella Cappella Paolina, del pontefice che sar\u00e0 eletto dal conclave che si apre oggi. Quindi la benedizione &#8220;Urbi et Orbi&#8221; <span class=\"autore\">di R. S.<\/span><\/p>\n","protected":false},"author":82,"featured_media":0,"comment_status":"open","ping_status":"open","sticky":false,"template":"","format":"standard","meta":{"footnotes":""},"categories":[351],"tags":[],"yoast_head":"<!-- This site is optimized with the Yoast SEO plugin v24.5 - https:\/\/yoast.com\/wordpress\/plugins\/seo\/ -->\n<title>La preghiera personale del nuovo Papa - Archivio Storico RS<\/title>\n<meta name=\"robots\" content=\"index, follow, max-snippet:-1, max-image-preview:large, max-video-preview:-1\" \/>\n<link rel=\"canonical\" href=\"https:\/\/www.romasette.it\/archivio\/la-preghiera-personale-del-nuovo-papa\/\" \/>\n<meta property=\"og:locale\" content=\"it_IT\" \/>\n<meta property=\"og:type\" content=\"article\" \/>\n<meta property=\"og:title\" content=\"La preghiera personale del nuovo Papa - Archivio Storico RS\" \/>\n<meta property=\"og:description\" content=\"Annunciata da padre Lombardi una breve sosta \u00abdavanti al Santissimo Sacramento\u00bb, nella Cappella Paolina, del pontefice che sar\u00e0 eletto dal conclave che si apre oggi. Quindi la benedizione &quot;Urbi et Orbi&quot; di R. S.\" \/>\n<meta property=\"og:url\" content=\"https:\/\/www.romasette.it\/archivio\/la-preghiera-personale-del-nuovo-papa\/\" \/>\n<meta property=\"og:site_name\" content=\"Archivio Storico RS\" \/>\n<meta property=\"article:published_time\" content=\"2013-03-11T23:00:00+00:00\" \/>\n<meta property=\"article:modified_time\" content=\"2019-10-26T22:46:02+00:00\" \/>\n<meta name=\"author\" content=\"R. S.\" \/>\n<meta name=\"twitter:card\" content=\"summary_large_image\" \/>\n<meta name=\"twitter:label1\" content=\"Scritto da\" \/>\n\t<meta name=\"twitter:data1\" content=\"R. S.\" \/>\n\t<meta name=\"twitter:label2\" content=\"Tempo di lettura stimato\" \/>\n\t<meta name=\"twitter:data2\" content=\"2 minuti\" \/>\n<script type=\"application\/ld+json\" class=\"yoast-schema-graph\">{\"@context\":\"https:\/\/schema.org\",\"@graph\":[{\"@type\":\"WebPage\",\"@id\":\"https:\/\/www.romasette.it\/archivio\/la-preghiera-personale-del-nuovo-papa\/\",\"url\":\"https:\/\/www.romasette.it\/archivio\/la-preghiera-personale-del-nuovo-papa\/\",\"name\":\"La preghiera personale del nuovo Papa - Archivio Storico RS\",\"isPartOf\":{\"@id\":\"https:\/\/www.romasette.it\/archivio\/#website\"},\"datePublished\":\"2013-03-11T23:00:00+00:00\",\"dateModified\":\"2019-10-26T22:46:02+00:00\",\"author\":{\"@id\":\"https:\/\/www.romasette.it\/archivio\/#\/schema\/person\/b61595f7d9cbd1bc5ed8023a6df9102e\"},\"breadcrumb\":{\"@id\":\"https:\/\/www.romasette.it\/archivio\/la-preghiera-personale-del-nuovo-papa\/#breadcrumb\"},\"inLanguage\":\"it-IT\",\"potentialAction\":[{\"@type\":\"ReadAction\",\"target\":[\"https:\/\/www.romasette.it\/archivio\/la-preghiera-personale-del-nuovo-papa\/\"]}]},{\"@type\":\"BreadcrumbList\",\"@id\":\"https:\/\/www.romasette.it\/archivio\/la-preghiera-personale-del-nuovo-papa\/#breadcrumb\",\"itemListElement\":[{\"@type\":\"ListItem\",\"position\":1,\"name\":\"Home\",\"item\":\"https:\/\/www.romasette.it\/archivio\/\"},{\"@type\":\"ListItem\",\"position\":2,\"name\":\"La preghiera personale del nuovo Papa\"}]},{\"@type\":\"WebSite\",\"@id\":\"https:\/\/www.romasette.it\/archivio\/#website\",\"url\":\"https:\/\/www.romasette.it\/archivio\/\",\"name\":\"Archivio Storico RS\",\"description\":\"archivio storico\",\"potentialAction\":[{\"@type\":\"SearchAction\",\"target\":{\"@type\":\"EntryPoint\",\"urlTemplate\":\"https:\/\/www.romasette.it\/archivio\/?s={search_term_string}\"},\"query-input\":{\"@type\":\"PropertyValueSpecification\",\"valueRequired\":true,\"valueName\":\"search_term_string\"}}],\"inLanguage\":\"it-IT\"},{\"@type\":\"Person\",\"@id\":\"https:\/\/www.romasette.it\/archivio\/#\/schema\/person\/b61595f7d9cbd1bc5ed8023a6df9102e\",\"name\":\"R. S.\",\"image\":{\"@type\":\"ImageObject\",\"inLanguage\":\"it-IT\",\"@id\":\"https:\/\/www.romasette.it\/archivio\/#\/schema\/person\/image\/\",\"url\":\"https:\/\/secure.gravatar.com\/avatar\/2396ccf09d32bbb1ee064c4dad43f38d?s=96&d=mm&r=g\",\"contentUrl\":\"https:\/\/secure.gravatar.com\/avatar\/2396ccf09d32bbb1ee064c4dad43f38d?s=96&d=mm&r=g\",\"caption\":\"R. S.\"},\"url\":\"https:\/\/www.romasette.it\/archivio\/author\/r-s\/\"}]}<\/script>\n<!-- \/ Yoast SEO plugin. -->","yoast_head_json":{"title":"La preghiera personale del nuovo Papa - Archivio Storico RS","robots":{"index":"index","follow":"follow","max-snippet":"max-snippet:-1","max-image-preview":"max-image-preview:large","max-video-preview":"max-video-preview:-1"},"canonical":"https:\/\/www.romasette.it\/archivio\/la-preghiera-personale-del-nuovo-papa\/","og_locale":"it_IT","og_type":"article","og_title":"La preghiera personale del nuovo Papa - Archivio Storico RS","og_description":"Annunciata da padre Lombardi una breve sosta \u00abdavanti al Santissimo Sacramento\u00bb, nella Cappella Paolina, del pontefice che sar\u00e0 eletto dal conclave che si apre oggi. Quindi la benedizione \"Urbi et Orbi\" di R. S.","og_url":"https:\/\/www.romasette.it\/archivio\/la-preghiera-personale-del-nuovo-papa\/","og_site_name":"Archivio Storico RS","article_published_time":"2013-03-11T23:00:00+00:00","article_modified_time":"2019-10-26T22:46:02+00:00","author":"R. S.","twitter_card":"summary_large_image","twitter_misc":{"Scritto da":"R. S.","Tempo di lettura stimato":"2 minuti"},"schema":{"@context":"https:\/\/schema.org","@graph":[{"@type":"WebPage","@id":"https:\/\/www.romasette.it\/archivio\/la-preghiera-personale-del-nuovo-papa\/","url":"https:\/\/www.romasette.it\/archivio\/la-preghiera-personale-del-nuovo-papa\/","name":"La preghiera personale del nuovo Papa - Archivio Storico RS","isPartOf":{"@id":"https:\/\/www.romasette.it\/archivio\/#website"},"datePublished":"2013-03-11T23:00:00+00:00","dateModified":"2019-10-26T22:46:02+00:00","author":{"@id":"https:\/\/www.romasette.it\/archivio\/#\/schema\/person\/b61595f7d9cbd1bc5ed8023a6df9102e"},"breadcrumb":{"@id":"https:\/\/www.romasette.it\/archivio\/la-preghiera-personale-del-nuovo-papa\/#breadcrumb"},"inLanguage":"it-IT","potentialAction":[{"@type":"ReadAction","target":["https:\/\/www.romasette.it\/archivio\/la-preghiera-personale-del-nuovo-papa\/"]}]},{"@type":"BreadcrumbList","@id":"https:\/\/www.romasette.it\/archivio\/la-preghiera-personale-del-nuovo-papa\/#breadcrumb","itemListElement":[{"@type":"ListItem","position":1,"name":"Home","item":"https:\/\/www.romasette.it\/archivio\/"},{"@type":"ListItem","position":2,"name":"La preghiera personale del nuovo Papa"}]},{"@type":"WebSite","@id":"https:\/\/www.romasette.it\/archivio\/#website","url":"https:\/\/www.romasette.it\/archivio\/","name":"Archivio Storico RS","description":"archivio storico","potentialAction":[{"@type":"SearchAction","target":{"@type":"EntryPoint","urlTemplate":"https:\/\/www.romasette.it\/archivio\/?s={search_term_string}"},"query-input":{"@type":"PropertyValueSpecification","valueRequired":true,"valueName":"search_term_string"}}],"inLanguage":"it-IT"},{"@type":"Person","@id":"https:\/\/www.romasette.it\/archivio\/#\/schema\/person\/b61595f7d9cbd1bc5ed8023a6df9102e","name":"R. S.","image":{"@type":"ImageObject","inLanguage":"it-IT","@id":"https:\/\/www.romasette.it\/archivio\/#\/schema\/person\/image\/","url":"https:\/\/secure.gravatar.com\/avatar\/2396ccf09d32bbb1ee064c4dad43f38d?s=96&d=mm&r=g","contentUrl":"https:\/\/secure.gravatar.com\/avatar\/2396ccf09d32bbb1ee064c4dad43f38d?s=96&d=mm&r=g","caption":"R. S."},"url":"https:\/\/www.romasette.it\/archivio\/author\/r-s\/"}]}},"_links":{"self":[{"href":"https:\/\/www.romasette.it\/archivio\/wp-json\/wp\/v2\/posts\/29109"}],"collection":[{"href":"https:\/\/www.romasette.it\/archivio\/wp-json\/wp\/v2\/posts"}],"about":[{"href":"https:\/\/www.romasette.it\/archivio\/wp-json\/wp\/v2\/types\/post"}],"author":[{"embeddable":true,"href":"https:\/\/www.romasette.it\/archivio\/wp-json\/wp\/v2\/users\/82"}],"replies":[{"embeddable":true,"href":"https:\/\/www.romasette.it\/archivio\/wp-json\/wp\/v2\/comments?post=29109"}],"version-history":[{"count":1,"href":"https:\/\/www.romasette.it\/archivio\/wp-json\/wp\/v2\/posts\/29109\/revisions"}],"predecessor-version":[{"id":36309,"href":"https:\/\/www.romasette.it\/archivio\/wp-json\/wp\/v2\/posts\/29109\/revisions\/36309"}],"wp:attachment":[{"href":"https:\/\/www.romasette.it\/archivio\/wp-json\/wp\/v2\/media?parent=29109"}],"wp:term":[{"taxonomy":"category","embeddable":true,"href":"https:\/\/www.romasette.it\/archivio\/wp-json\/wp\/v2\/categories?post=29109"},{"taxonomy":"post_tag","embeddable":true,"href":"https:\/\/www.romasette.it\/archivio\/wp-json\/wp\/v2\/tags?post=29109"}],"curies":[{"name":"wp","href":"https:\/\/api.w.org\/{rel}","templated":true}]}}