{"id":29800,"date":"2013-06-25T00:00:00","date_gmt":"2013-06-24T22:00:00","guid":{"rendered":"https:\/\/www.romasette.it\/archivio\/il-brancaccio-riparte-da-montesano\/"},"modified":"2013-06-25T00:00:00","modified_gmt":"2013-06-24T22:00:00","slug":"il-brancaccio-riparte-da-montesano","status":"publish","type":"post","link":"https:\/\/www.romasette.it\/archivio\/il-brancaccio-riparte-da-montesano\/","title":{"rendered":"Il Brancaccio riparte da Montesano"},"content":{"rendered":"<p><strong>Riparte con Enrico Montesano<\/strong> la stagione 2013-2014 del Teatro Brancaccio: il primo ottobre l\u2019attore inaugurer\u00e0 infatti, con la nuova commedia musicale dedicata a Pietro Garinei, <i>C\u2019\u00e8 qualcosa in te<\/i>, le attivit\u00e0 della struttura di via Merulana. In cartellone una ricca variet\u00e0 di spettacoli, passando attraverso la musica e la danza, le opere sentimentali e quelle di impegno civile senza mai dimenticare i nuovi talenti ai quali, anche quest\u2019anno, sar\u00e0 dato ampio spazio. Tra i protagonisti della nuova edizione del Brancaccio, c\u2019\u00e8 Federico Moccia &#8211; particolarmente amato dai giovanissimi romani &#8211; con <i>Lui e Lei<\/i>, commedia con Emy Bergamo e Federica Nargi. <\/p>\n<p><strong>Dopo il successo della passata<\/strong> edizione, torner\u00e0 anche lo spettacolo <i>Priscilla la Regina del deserto &#8211; Il musical<\/i>. Dicembre pu\u00f2 dirsi invece il mese di Paolo Ruffini, che si esibir\u00e0 in uno special \u00abone man show\u00bb, <i>Io Doppio<\/i>, e in <i>Spring Awakening<\/i>, spettacolo realizzato da 11 giovani talenti e da due attori professionisti. Mattatore dello spettacolo di Capodanno sar\u00e0 Maurizio Battista in <i>Combinati per le feste<\/i>. Spazio, poi, ai musical tratti dai film: a met\u00e0 novembre Giampiero Ingrassia si cimenter\u00e0 nel musical di Mel Brooks <i>Frankenstein Junior<\/i> mentre dal 23 gennaio Daniele Luppino proporr\u00e0 <i>Ghost<\/i>, adattamento della pellicola con Patrick Swayze, Demi Moore e Whoopi Goldberg. <\/p>\n<p><strong>A febbraio andr\u00e0 in scena<\/strong> <i>Sugar the Musical<\/i>, tratto da <i>A qualcuno piace caldo<\/i>, che avr\u00e0 tra le fila Justine Mattera, Christian Ginepro e Pietro Pignatelli. <i>AAA Cercasi Cenerentola<\/i> \u00e8 invece una favola musicale a ritmo di rock and roll in cui, a fine febbraio, si esibiranno Manuel Frattini e ancora Paolo Ruffini. E se Amanda Sandrelli e i ballerini di Tango Adrian Aragon ed Erica Boaglio daranno vita a <i>Il Tango del marinaio<\/i>, Christian De Sica calcher\u00e0 le scene per il sorprendente spettacolo <i>Cinecitt\u00e0<\/i>. Chiuder\u00e0 la stagione <i>Karol Wojtyla. La vera storia<\/i>, un musical dedicato alla vita di Papa Giovanni Paolo II. <\/p>\n<p><strong>A presentare la stagione Alessandro<\/strong> Longobardi, che l\u2019anno scorso ha assunto la direzione artistica del Brancaccio, dopo i quindici anni di gestione della struttura al Teatro dell\u2019Opera, sette al Comune (con Proietti), tre a Costanzo, e gli ultimi due alla Stage Entertainment (Endemol). Non \u00e8 mancata la denuncia dei tagli al mondo dello spettacolo: \u00abSappiate che non \u00e8 mai stato cos\u00ec difficile poter fare questo lavoro. S\u00ec, ripeto, lavoro, anche se molti pensano che fare teatro non lo sia: ci sono migliaia di persone che compongono la filiera produttiva nel mondo dello spettacolo dal vivo\u00bb. Longobardi lancia quindi un appello: \u00abPrima che la lenta agonia diventi morte, invito tutti i protagonisti dello spettacolo e le eventuali forze politiche illuminate a riscrivere le regole del settore\u00bb.<\/p>\n<p>25 giugno 2013<\/p>\n","protected":false},"excerpt":{"rendered":"<p><img decoding=\"async\" class=\"immagine_sx\" alt=\"\" src=\"https:\/\/www.romasette.it\/uploads\/img51c945b0928a4.jpg\"\/>Nella prossima stagione un cartellone ricco di musica, danza, opere sentimentali e d\u2019impegno. Paolo Ruffini, Stefania Sandrelli e Christian De Sica tra i protagonisti <span class=\"autore\">di Mariaelena Finessi<\/span><\/p>\n","protected":false},"author":1,"featured_media":0,"comment_status":"open","ping_status":"open","sticky":false,"template":"","format":"standard","meta":{"footnotes":""},"categories":[333],"tags":[],"yoast_head":"<!-- This site is optimized with the Yoast SEO plugin v24.5 - https:\/\/yoast.com\/wordpress\/plugins\/seo\/ -->\n<title>Il Brancaccio riparte da Montesano - Archivio Storico RS<\/title>\n<meta name=\"robots\" content=\"index, follow, max-snippet:-1, max-image-preview:large, max-video-preview:-1\" \/>\n<link rel=\"canonical\" href=\"https:\/\/www.romasette.it\/archivio\/il-brancaccio-riparte-da-montesano\/\" \/>\n<meta property=\"og:locale\" content=\"it_IT\" \/>\n<meta property=\"og:type\" content=\"article\" \/>\n<meta property=\"og:title\" content=\"Il Brancaccio riparte da Montesano - Archivio Storico RS\" \/>\n<meta property=\"og:description\" content=\"Nella prossima stagione un cartellone ricco di musica, danza, opere sentimentali e d\u2019impegno. Paolo Ruffini, Stefania Sandrelli e Christian De Sica tra i protagonisti di Mariaelena Finessi\" \/>\n<meta property=\"og:url\" content=\"https:\/\/www.romasette.it\/archivio\/il-brancaccio-riparte-da-montesano\/\" \/>\n<meta property=\"og:site_name\" content=\"Archivio Storico RS\" \/>\n<meta property=\"article:published_time\" content=\"2013-06-24T22:00:00+00:00\" \/>\n<meta name=\"author\" content=\"archivio\" \/>\n<meta name=\"twitter:card\" content=\"summary_large_image\" \/>\n<meta name=\"twitter:label1\" content=\"Scritto da\" \/>\n\t<meta name=\"twitter:data1\" content=\"archivio\" \/>\n\t<meta name=\"twitter:label2\" content=\"Tempo di lettura stimato\" \/>\n\t<meta name=\"twitter:data2\" content=\"2 minuti\" \/>\n<script type=\"application\/ld+json\" class=\"yoast-schema-graph\">{\"@context\":\"https:\/\/schema.org\",\"@graph\":[{\"@type\":\"WebPage\",\"@id\":\"https:\/\/www.romasette.it\/archivio\/il-brancaccio-riparte-da-montesano\/\",\"url\":\"https:\/\/www.romasette.it\/archivio\/il-brancaccio-riparte-da-montesano\/\",\"name\":\"Il Brancaccio riparte da Montesano - Archivio Storico RS\",\"isPartOf\":{\"@id\":\"https:\/\/www.romasette.it\/archivio\/#website\"},\"datePublished\":\"2013-06-24T22:00:00+00:00\",\"author\":{\"@id\":\"https:\/\/www.romasette.it\/archivio\/#\/schema\/person\/8b3f680d37dbda05fae782e14e685cb1\"},\"breadcrumb\":{\"@id\":\"https:\/\/www.romasette.it\/archivio\/il-brancaccio-riparte-da-montesano\/#breadcrumb\"},\"inLanguage\":\"it-IT\",\"potentialAction\":[{\"@type\":\"ReadAction\",\"target\":[\"https:\/\/www.romasette.it\/archivio\/il-brancaccio-riparte-da-montesano\/\"]}]},{\"@type\":\"BreadcrumbList\",\"@id\":\"https:\/\/www.romasette.it\/archivio\/il-brancaccio-riparte-da-montesano\/#breadcrumb\",\"itemListElement\":[{\"@type\":\"ListItem\",\"position\":1,\"name\":\"Home\",\"item\":\"https:\/\/www.romasette.it\/archivio\/\"},{\"@type\":\"ListItem\",\"position\":2,\"name\":\"Il Brancaccio riparte da Montesano\"}]},{\"@type\":\"WebSite\",\"@id\":\"https:\/\/www.romasette.it\/archivio\/#website\",\"url\":\"https:\/\/www.romasette.it\/archivio\/\",\"name\":\"Archivio Storico RS\",\"description\":\"archivio storico\",\"potentialAction\":[{\"@type\":\"SearchAction\",\"target\":{\"@type\":\"EntryPoint\",\"urlTemplate\":\"https:\/\/www.romasette.it\/archivio\/?s={search_term_string}\"},\"query-input\":{\"@type\":\"PropertyValueSpecification\",\"valueRequired\":true,\"valueName\":\"search_term_string\"}}],\"inLanguage\":\"it-IT\"},{\"@type\":\"Person\",\"@id\":\"https:\/\/www.romasette.it\/archivio\/#\/schema\/person\/8b3f680d37dbda05fae782e14e685cb1\",\"name\":\"archivio\",\"image\":{\"@type\":\"ImageObject\",\"inLanguage\":\"it-IT\",\"@id\":\"https:\/\/www.romasette.it\/archivio\/#\/schema\/person\/image\/\",\"url\":\"https:\/\/secure.gravatar.com\/avatar\/209851bf0c8c5f4ec80bee64baa5af7c?s=96&d=mm&r=g\",\"contentUrl\":\"https:\/\/secure.gravatar.com\/avatar\/209851bf0c8c5f4ec80bee64baa5af7c?s=96&d=mm&r=g\",\"caption\":\"archivio\"},\"url\":\"https:\/\/www.romasette.it\/archivio\/author\/archivio\/\"}]}<\/script>\n<!-- \/ Yoast SEO plugin. -->","yoast_head_json":{"title":"Il Brancaccio riparte da Montesano - Archivio Storico RS","robots":{"index":"index","follow":"follow","max-snippet":"max-snippet:-1","max-image-preview":"max-image-preview:large","max-video-preview":"max-video-preview:-1"},"canonical":"https:\/\/www.romasette.it\/archivio\/il-brancaccio-riparte-da-montesano\/","og_locale":"it_IT","og_type":"article","og_title":"Il Brancaccio riparte da Montesano - Archivio Storico RS","og_description":"Nella prossima stagione un cartellone ricco di musica, danza, opere sentimentali e d\u2019impegno. Paolo Ruffini, Stefania Sandrelli e Christian De Sica tra i protagonisti di Mariaelena Finessi","og_url":"https:\/\/www.romasette.it\/archivio\/il-brancaccio-riparte-da-montesano\/","og_site_name":"Archivio Storico RS","article_published_time":"2013-06-24T22:00:00+00:00","author":"archivio","twitter_card":"summary_large_image","twitter_misc":{"Scritto da":"archivio","Tempo di lettura stimato":"2 minuti"},"schema":{"@context":"https:\/\/schema.org","@graph":[{"@type":"WebPage","@id":"https:\/\/www.romasette.it\/archivio\/il-brancaccio-riparte-da-montesano\/","url":"https:\/\/www.romasette.it\/archivio\/il-brancaccio-riparte-da-montesano\/","name":"Il Brancaccio riparte da Montesano - Archivio Storico RS","isPartOf":{"@id":"https:\/\/www.romasette.it\/archivio\/#website"},"datePublished":"2013-06-24T22:00:00+00:00","author":{"@id":"https:\/\/www.romasette.it\/archivio\/#\/schema\/person\/8b3f680d37dbda05fae782e14e685cb1"},"breadcrumb":{"@id":"https:\/\/www.romasette.it\/archivio\/il-brancaccio-riparte-da-montesano\/#breadcrumb"},"inLanguage":"it-IT","potentialAction":[{"@type":"ReadAction","target":["https:\/\/www.romasette.it\/archivio\/il-brancaccio-riparte-da-montesano\/"]}]},{"@type":"BreadcrumbList","@id":"https:\/\/www.romasette.it\/archivio\/il-brancaccio-riparte-da-montesano\/#breadcrumb","itemListElement":[{"@type":"ListItem","position":1,"name":"Home","item":"https:\/\/www.romasette.it\/archivio\/"},{"@type":"ListItem","position":2,"name":"Il Brancaccio riparte da Montesano"}]},{"@type":"WebSite","@id":"https:\/\/www.romasette.it\/archivio\/#website","url":"https:\/\/www.romasette.it\/archivio\/","name":"Archivio Storico RS","description":"archivio storico","potentialAction":[{"@type":"SearchAction","target":{"@type":"EntryPoint","urlTemplate":"https:\/\/www.romasette.it\/archivio\/?s={search_term_string}"},"query-input":{"@type":"PropertyValueSpecification","valueRequired":true,"valueName":"search_term_string"}}],"inLanguage":"it-IT"},{"@type":"Person","@id":"https:\/\/www.romasette.it\/archivio\/#\/schema\/person\/8b3f680d37dbda05fae782e14e685cb1","name":"archivio","image":{"@type":"ImageObject","inLanguage":"it-IT","@id":"https:\/\/www.romasette.it\/archivio\/#\/schema\/person\/image\/","url":"https:\/\/secure.gravatar.com\/avatar\/209851bf0c8c5f4ec80bee64baa5af7c?s=96&d=mm&r=g","contentUrl":"https:\/\/secure.gravatar.com\/avatar\/209851bf0c8c5f4ec80bee64baa5af7c?s=96&d=mm&r=g","caption":"archivio"},"url":"https:\/\/www.romasette.it\/archivio\/author\/archivio\/"}]}},"_links":{"self":[{"href":"https:\/\/www.romasette.it\/archivio\/wp-json\/wp\/v2\/posts\/29800"}],"collection":[{"href":"https:\/\/www.romasette.it\/archivio\/wp-json\/wp\/v2\/posts"}],"about":[{"href":"https:\/\/www.romasette.it\/archivio\/wp-json\/wp\/v2\/types\/post"}],"author":[{"embeddable":true,"href":"https:\/\/www.romasette.it\/archivio\/wp-json\/wp\/v2\/users\/1"}],"replies":[{"embeddable":true,"href":"https:\/\/www.romasette.it\/archivio\/wp-json\/wp\/v2\/comments?post=29800"}],"version-history":[{"count":0,"href":"https:\/\/www.romasette.it\/archivio\/wp-json\/wp\/v2\/posts\/29800\/revisions"}],"wp:attachment":[{"href":"https:\/\/www.romasette.it\/archivio\/wp-json\/wp\/v2\/media?parent=29800"}],"wp:term":[{"taxonomy":"category","embeddable":true,"href":"https:\/\/www.romasette.it\/archivio\/wp-json\/wp\/v2\/categories?post=29800"},{"taxonomy":"post_tag","embeddable":true,"href":"https:\/\/www.romasette.it\/archivio\/wp-json\/wp\/v2\/tags?post=29800"}],"curies":[{"name":"wp","href":"https:\/\/api.w.org\/{rel}","templated":true}]}}