{"id":30641,"date":"2013-11-28T00:00:00","date_gmt":"2013-11-27T23:00:00","guid":{"rendered":"https:\/\/www.romasette.it\/archivio\/san-martino-i-papa-casa-di-dio-tra-le-case-degli-uomini\/"},"modified":"2013-11-28T00:00:00","modified_gmt":"2013-11-27T23:00:00","slug":"san-martino-i-papa-casa-di-dio-tra-le-case-degli-uomini","status":"publish","type":"post","link":"https:\/\/www.romasette.it\/archivio\/san-martino-i-papa-casa-di-dio-tra-le-case-degli-uomini\/","title":{"rendered":"San Martino I Papa, \u00abcasa di Dio tra le case degli uomini\u00bb"},"content":{"rendered":"<p><strong>Era il 10 novembre 1965<\/strong> quando all\u2019interno di una palazzina di via Veio venne eretta la parrocchia di San Martino I papa. Una collocazione non provvisoria ma definitiva per la comunit\u00e0, guidata allora da don Siro Todescato; una soluzione che \u00absuscit\u00f2 un certo scandalo &#8211; rivela don Antonio Pompili, parroco dal 2011 -. Si parl\u00f2 di chiesa nel garage, era il primo caso a Roma; all\u2019epoca, per\u00f2 il quartiere era gi\u00e0 tutto costruito e non c\u2019era altra possibilit\u00e0\u00bb. A 48 anni di distanza, la parrocchia &#8211; \u00abcasa di Dio in mezzo alle case degli uomini\u00bb, come la defin\u00ec Giovanni Paolo II nella sua visita nel 1991 &#8211; \u00e8 oggi punto di riferimento per circa 9mila anime, nella zona che va da Porta San Giovanni a piazza Re di Roma. <\/p>\n<p><strong>Gli spazi stretti e la poca<\/strong> visibilit\u00e0 infatti non fermano le attivit\u00e0, dalla formazione  sacramentale delle famiglie e dei ragazzi ai cicli di catechesi e lectio divina per gli adulti, al gruppo di preghiera del Rinnovamento nello Spirito; dalla comunit\u00e0 neocatecumenale al coro, attivo dal 1972. Punto di forza \u00e8 il servizio di segreteria per il coordinamento delle attivit\u00e0, gestito da parrocchiani volontari: \u00e8 \u00abuna vera grazia di cui rendere lode a Dio\u00bb, dice Pompili. Fiore all\u2019occhiello \u00e8 l\u2019oratorio, che in  oltre 30 anni ha scritto un pezzo di storia del quartiere, e, continua il parroco, \u00abha segnato il percorso delle generazioni: in tanti  ancora oggi tornano dopo anni di lontananza, e ricordando il tempo passato qui\u00bb. La direttrice \u00e8 Eloisa Armini, 22 anni, cresciuta in parrocchia; a lei il compito di coordinare i catechisti coinvolti nella formazione di circa 40 ragazzi, dai 10 ai 16 anni. La Messa insieme, giochi, piccole catechesi, mostre creative, gite, fiere e mercatini: queste le tappe di un percorso che, spiega, \u00abvuole permettere ai bambini di stare tra di loro, e di crescere nell\u2019apertura verso gli altri, dandogli le basi della vita cristiana\u00bb. Quando gli spazi mancano, si ricorre ai locali dell\u2019adiacente Istituto Santa Teresa di Ges\u00f9; quando i ragazzi crescono, possono scegliere di formarsi come catechisti,  in parrocchia e con i corsi del Centro oratori romani. \u00abSiamo molto attenti alla preparazione &#8211; spiega Eloisa -: la figura del catechista \u00e8 quella a cui guardano i bambini\u00bb. <\/p>\n<p><strong>La cura dei malati e degli<\/strong> anziani del quartiere \u00e8 affidata all\u2019impegno dei ministri straordinari della Comunione e dei volontari della Comunit\u00e0 di Sant\u2019Egidio. \u00abDue volte al mese inoltre &#8211; riferisce don Pompili &#8211; gli anziani vengono qui in parrocchia, e preparano i panini che i volontari di Sant\u2019Egidio portano ai senzatetto in giro per la citt\u00e0\u00bb. Fondamentale nella vita della parrocchia \u00e8  il coinvolgimento e la formazione delle famiglie, grazie alle iniziative dell\u2019associazione Centro per la famiglia, e alla catechesi post matrimoniale guidata dal parroco e dal diacono permanente Giuseppe Attanasio. Otto coppie coinvolte in un cammino che, spiega il diacono, \u00abpermette loro di condividere le esperienze, creando rete tra le famiglie\u00bb. <\/p>\n<p><strong>Membro della comunit\u00e0 neocatecumenale<\/strong> parrocchiale, Attanasio \u00e8 anche guida del centro di ascolto Caritas, attivo a San Martino dal 2011: non un centro assistenza ma uno strumento prezioso per sensibilizzare la parrocchia. \u00abNon chiediamo soldi n\u00e9 li diamo &#8211; spiega -: Puntiamo sulle raccolte alimentari, coinvolgendo direttamente i parrocchiani\u00bb. Una trentina le famiglie in difficolt\u00e0 seguite: a loro il centro d\u2019ascolto non offre solo viveri ma accoglienza, aiuto e ascolto, lavorando in rete con le strutture diocesane: \u00abLe famiglie vengono qui, ci conoscono, parlano con noi. Vogliamo andare oltre la distribuzione massiva di beni ed essere mediatori tra le esigenze di chi ci chiede aiuto e condivide con noi un percorso di vita\u00bb. <\/p>\n<p>28 novembre 2013<\/p>\n","protected":false},"excerpt":{"rendered":"<p><img decoding=\"async\" class=\"immagine_sx\" alt=\"\" src=\"https:\/\/www.romasette.it\/uploads\/img52973687747f9.jpg\"\/>La comunit\u00e0 di via Veio fu la prima, a Roma, a nascere in un garage. Oggi \u00e8 un punto di riferimento per circa 9mila fedeli, da Porta San Giovanni a piazza Re di Roma. Il fiore all&#8217;occhiello: l&#8217;oratorio <span class=\"autore\">di Maria Elena Rosati<\/span><\/p>\n","protected":false},"author":1,"featured_media":0,"comment_status":"open","ping_status":"open","sticky":false,"template":"","format":"standard","meta":{"footnotes":""},"categories":[328],"tags":[],"yoast_head":"<!-- This site is optimized with the Yoast SEO plugin v24.5 - https:\/\/yoast.com\/wordpress\/plugins\/seo\/ -->\n<title>San Martino I Papa, \u00abcasa di Dio tra le case degli uomini\u00bb - Archivio Storico RS<\/title>\n<meta name=\"robots\" content=\"index, follow, max-snippet:-1, max-image-preview:large, max-video-preview:-1\" \/>\n<link rel=\"canonical\" href=\"https:\/\/www.romasette.it\/archivio\/san-martino-i-papa-casa-di-dio-tra-le-case-degli-uomini\/\" \/>\n<meta property=\"og:locale\" content=\"it_IT\" \/>\n<meta property=\"og:type\" content=\"article\" \/>\n<meta property=\"og:title\" content=\"San Martino I Papa, \u00abcasa di Dio tra le case degli uomini\u00bb - Archivio Storico RS\" \/>\n<meta property=\"og:description\" content=\"La comunit\u00e0 di via Veio fu la prima, a Roma, a nascere in un garage. Oggi \u00e8 un punto di riferimento per circa 9mila fedeli, da Porta San Giovanni a piazza Re di Roma. Il fiore all&#039;occhiello: l&#039;oratorio di Maria Elena Rosati\" \/>\n<meta property=\"og:url\" content=\"https:\/\/www.romasette.it\/archivio\/san-martino-i-papa-casa-di-dio-tra-le-case-degli-uomini\/\" \/>\n<meta property=\"og:site_name\" content=\"Archivio Storico RS\" \/>\n<meta property=\"article:published_time\" content=\"2013-11-27T23:00:00+00:00\" \/>\n<meta name=\"author\" content=\"archivio\" \/>\n<meta name=\"twitter:card\" content=\"summary_large_image\" \/>\n<meta name=\"twitter:label1\" content=\"Scritto da\" \/>\n\t<meta name=\"twitter:data1\" content=\"archivio\" \/>\n\t<meta name=\"twitter:label2\" content=\"Tempo di lettura stimato\" \/>\n\t<meta name=\"twitter:data2\" content=\"3 minuti\" \/>\n<script type=\"application\/ld+json\" class=\"yoast-schema-graph\">{\"@context\":\"https:\/\/schema.org\",\"@graph\":[{\"@type\":\"WebPage\",\"@id\":\"https:\/\/www.romasette.it\/archivio\/san-martino-i-papa-casa-di-dio-tra-le-case-degli-uomini\/\",\"url\":\"https:\/\/www.romasette.it\/archivio\/san-martino-i-papa-casa-di-dio-tra-le-case-degli-uomini\/\",\"name\":\"San Martino I Papa, \u00abcasa di Dio tra le case degli uomini\u00bb - Archivio Storico RS\",\"isPartOf\":{\"@id\":\"https:\/\/www.romasette.it\/archivio\/#website\"},\"datePublished\":\"2013-11-27T23:00:00+00:00\",\"author\":{\"@id\":\"https:\/\/www.romasette.it\/archivio\/#\/schema\/person\/8b3f680d37dbda05fae782e14e685cb1\"},\"breadcrumb\":{\"@id\":\"https:\/\/www.romasette.it\/archivio\/san-martino-i-papa-casa-di-dio-tra-le-case-degli-uomini\/#breadcrumb\"},\"inLanguage\":\"it-IT\",\"potentialAction\":[{\"@type\":\"ReadAction\",\"target\":[\"https:\/\/www.romasette.it\/archivio\/san-martino-i-papa-casa-di-dio-tra-le-case-degli-uomini\/\"]}]},{\"@type\":\"BreadcrumbList\",\"@id\":\"https:\/\/www.romasette.it\/archivio\/san-martino-i-papa-casa-di-dio-tra-le-case-degli-uomini\/#breadcrumb\",\"itemListElement\":[{\"@type\":\"ListItem\",\"position\":1,\"name\":\"Home\",\"item\":\"https:\/\/www.romasette.it\/archivio\/\"},{\"@type\":\"ListItem\",\"position\":2,\"name\":\"San Martino I Papa, \u00abcasa di Dio tra le case degli uomini\u00bb\"}]},{\"@type\":\"WebSite\",\"@id\":\"https:\/\/www.romasette.it\/archivio\/#website\",\"url\":\"https:\/\/www.romasette.it\/archivio\/\",\"name\":\"Archivio Storico RS\",\"description\":\"archivio storico\",\"potentialAction\":[{\"@type\":\"SearchAction\",\"target\":{\"@type\":\"EntryPoint\",\"urlTemplate\":\"https:\/\/www.romasette.it\/archivio\/?s={search_term_string}\"},\"query-input\":{\"@type\":\"PropertyValueSpecification\",\"valueRequired\":true,\"valueName\":\"search_term_string\"}}],\"inLanguage\":\"it-IT\"},{\"@type\":\"Person\",\"@id\":\"https:\/\/www.romasette.it\/archivio\/#\/schema\/person\/8b3f680d37dbda05fae782e14e685cb1\",\"name\":\"archivio\",\"image\":{\"@type\":\"ImageObject\",\"inLanguage\":\"it-IT\",\"@id\":\"https:\/\/www.romasette.it\/archivio\/#\/schema\/person\/image\/\",\"url\":\"https:\/\/secure.gravatar.com\/avatar\/209851bf0c8c5f4ec80bee64baa5af7c?s=96&d=mm&r=g\",\"contentUrl\":\"https:\/\/secure.gravatar.com\/avatar\/209851bf0c8c5f4ec80bee64baa5af7c?s=96&d=mm&r=g\",\"caption\":\"archivio\"},\"url\":\"https:\/\/www.romasette.it\/archivio\/author\/archivio\/\"}]}<\/script>\n<!-- \/ Yoast SEO plugin. -->","yoast_head_json":{"title":"San Martino I Papa, \u00abcasa di Dio tra le case degli uomini\u00bb - Archivio Storico RS","robots":{"index":"index","follow":"follow","max-snippet":"max-snippet:-1","max-image-preview":"max-image-preview:large","max-video-preview":"max-video-preview:-1"},"canonical":"https:\/\/www.romasette.it\/archivio\/san-martino-i-papa-casa-di-dio-tra-le-case-degli-uomini\/","og_locale":"it_IT","og_type":"article","og_title":"San Martino I Papa, \u00abcasa di Dio tra le case degli uomini\u00bb - Archivio Storico RS","og_description":"La comunit\u00e0 di via Veio fu la prima, a Roma, a nascere in un garage. Oggi \u00e8 un punto di riferimento per circa 9mila fedeli, da Porta San Giovanni a piazza Re di Roma. Il fiore all'occhiello: l'oratorio di Maria Elena Rosati","og_url":"https:\/\/www.romasette.it\/archivio\/san-martino-i-papa-casa-di-dio-tra-le-case-degli-uomini\/","og_site_name":"Archivio Storico RS","article_published_time":"2013-11-27T23:00:00+00:00","author":"archivio","twitter_card":"summary_large_image","twitter_misc":{"Scritto da":"archivio","Tempo di lettura stimato":"3 minuti"},"schema":{"@context":"https:\/\/schema.org","@graph":[{"@type":"WebPage","@id":"https:\/\/www.romasette.it\/archivio\/san-martino-i-papa-casa-di-dio-tra-le-case-degli-uomini\/","url":"https:\/\/www.romasette.it\/archivio\/san-martino-i-papa-casa-di-dio-tra-le-case-degli-uomini\/","name":"San Martino I Papa, \u00abcasa di Dio tra le case degli uomini\u00bb - Archivio Storico RS","isPartOf":{"@id":"https:\/\/www.romasette.it\/archivio\/#website"},"datePublished":"2013-11-27T23:00:00+00:00","author":{"@id":"https:\/\/www.romasette.it\/archivio\/#\/schema\/person\/8b3f680d37dbda05fae782e14e685cb1"},"breadcrumb":{"@id":"https:\/\/www.romasette.it\/archivio\/san-martino-i-papa-casa-di-dio-tra-le-case-degli-uomini\/#breadcrumb"},"inLanguage":"it-IT","potentialAction":[{"@type":"ReadAction","target":["https:\/\/www.romasette.it\/archivio\/san-martino-i-papa-casa-di-dio-tra-le-case-degli-uomini\/"]}]},{"@type":"BreadcrumbList","@id":"https:\/\/www.romasette.it\/archivio\/san-martino-i-papa-casa-di-dio-tra-le-case-degli-uomini\/#breadcrumb","itemListElement":[{"@type":"ListItem","position":1,"name":"Home","item":"https:\/\/www.romasette.it\/archivio\/"},{"@type":"ListItem","position":2,"name":"San Martino I Papa, \u00abcasa di Dio tra le case degli uomini\u00bb"}]},{"@type":"WebSite","@id":"https:\/\/www.romasette.it\/archivio\/#website","url":"https:\/\/www.romasette.it\/archivio\/","name":"Archivio Storico RS","description":"archivio storico","potentialAction":[{"@type":"SearchAction","target":{"@type":"EntryPoint","urlTemplate":"https:\/\/www.romasette.it\/archivio\/?s={search_term_string}"},"query-input":{"@type":"PropertyValueSpecification","valueRequired":true,"valueName":"search_term_string"}}],"inLanguage":"it-IT"},{"@type":"Person","@id":"https:\/\/www.romasette.it\/archivio\/#\/schema\/person\/8b3f680d37dbda05fae782e14e685cb1","name":"archivio","image":{"@type":"ImageObject","inLanguage":"it-IT","@id":"https:\/\/www.romasette.it\/archivio\/#\/schema\/person\/image\/","url":"https:\/\/secure.gravatar.com\/avatar\/209851bf0c8c5f4ec80bee64baa5af7c?s=96&d=mm&r=g","contentUrl":"https:\/\/secure.gravatar.com\/avatar\/209851bf0c8c5f4ec80bee64baa5af7c?s=96&d=mm&r=g","caption":"archivio"},"url":"https:\/\/www.romasette.it\/archivio\/author\/archivio\/"}]}},"_links":{"self":[{"href":"https:\/\/www.romasette.it\/archivio\/wp-json\/wp\/v2\/posts\/30641"}],"collection":[{"href":"https:\/\/www.romasette.it\/archivio\/wp-json\/wp\/v2\/posts"}],"about":[{"href":"https:\/\/www.romasette.it\/archivio\/wp-json\/wp\/v2\/types\/post"}],"author":[{"embeddable":true,"href":"https:\/\/www.romasette.it\/archivio\/wp-json\/wp\/v2\/users\/1"}],"replies":[{"embeddable":true,"href":"https:\/\/www.romasette.it\/archivio\/wp-json\/wp\/v2\/comments?post=30641"}],"version-history":[{"count":0,"href":"https:\/\/www.romasette.it\/archivio\/wp-json\/wp\/v2\/posts\/30641\/revisions"}],"wp:attachment":[{"href":"https:\/\/www.romasette.it\/archivio\/wp-json\/wp\/v2\/media?parent=30641"}],"wp:term":[{"taxonomy":"category","embeddable":true,"href":"https:\/\/www.romasette.it\/archivio\/wp-json\/wp\/v2\/categories?post=30641"},{"taxonomy":"post_tag","embeddable":true,"href":"https:\/\/www.romasette.it\/archivio\/wp-json\/wp\/v2\/tags?post=30641"}],"curies":[{"name":"wp","href":"https:\/\/api.w.org\/{rel}","templated":true}]}}