{"id":31236,"date":"2014-02-18T00:00:00","date_gmt":"2014-02-17T23:00:00","guid":{"rendered":"https:\/\/www.romasette.it\/archivio\/san-giovanni-neumann-comunita-in-preghiera-per-il-dono-della-chiesa\/"},"modified":"2014-02-18T00:00:00","modified_gmt":"2014-02-17T23:00:00","slug":"san-giovanni-neumann-comunita-in-preghiera-per-il-dono-della-chiesa","status":"publish","type":"post","link":"https:\/\/www.romasette.it\/archivio\/san-giovanni-neumann-comunita-in-preghiera-per-il-dono-della-chiesa\/","title":{"rendered":"San Giovanni Neumann, comunit\u00e0 in preghiera per il dono della chiesa"},"content":{"rendered":"<p><strong>La parrocchia San Giovanni<\/strong> Nepomuceno Neumann \u00e8 una comunit\u00e0 che vive nella speranza. Nata nel 2000 da una costola della parrocchia Santa Maria Janua Coeli, estesa su un territorio di circa 10mila abitanti nella borgata Montespaccato, la parrocchia \u00e8 affidata ai padri Redentoristi, e da anni si appoggia su strutture provvisorie, in attesa della costruzione della chiesa. \u00abSiamo collocati in un locale adibito a cappella, al piano terra di una palazzina &#8211; racconta il parroco, padre Antonio Cirulli -. Non \u00e8 molto capiente e non abbiamo sale: per organizzare l\u2019oratorio abbiamo preso in affitto dei seminterrati in un altro palazzo\u00bb. Senza una chiesa, e senza  consiglio pastorale, padre Antonio, con padre Vincenzo la Mendola e il supporto dei parrocchiani, guida la comunit\u00e0 attraverso le varie attivit\u00e0: gruppi di preghiera ed evangelizzazione, un gruppo di teatro, ma soprattutto i percorsi di catechesi sacramentale per ragazzi,  gli adulti, e coppie, e i corsi di formazione per i catechisti.<\/p>\n<p><strong>\u00abLa preparazione ai sacramenti<\/strong> dura cinque anni, dalla prima comunione fino alla cresima &#8211; spiega Saveria Mancuso, ministro straordinario della comunione \u2013. La formazione \u00e8 importante, perch\u00e9 non possiamo improvvisare la catechesi. Mancano le strutture, ma pur avendo un garage per parrocchia, ci diamo da fare\u00bb. Anche Sergio Bartolini \u00e8 catechista, con la moglie segue la preparazione delle giovani coppie al matrimonio. Per lui, cresciuto a Montespaccato, \u00e8 \u00abdifficile far capire che la parrocchia \u00e8 casa di tutti, non un centro servizi\u00bb. In una borgata popolata da famiglie provenienti in gran parte dal sud, \u00abviviamo una religiosit\u00e0 popolare e tradizioni diverse &#8211; riferisce -; spesso ci chiediamo solo cosa vogliamo, ma non cosa possiamo dare alla parrocchia\u00bb. Bartolini \u00e8 anche educatore del gruppo dei giovanissimi, nato come gruppo dopo cresima, e oggi  la realt\u00e0 pi\u00f9 promettente della parrocchia. Circa 30 i ragazzi coinvolti, tra i 13 e i 17 anni, che, concluso il percorso di preparazione ai sacramenti, partecipano agli incontri, animano la Messa, e guidano i progetti del sito internet e di un giornalino bimestrale. \u00abDallo scorso anno &#8211; continua Bartolini &#8211; \u00e8 avviato anche il corso per gli  operatori pastorali, ogni 15 giorni. Partecipano insieme catechisti adulti, e alcuni dei ragazzi pi\u00f9 grandi del dopo cresima. Li formiamo cos\u00ec perch\u00e9 siano operatori\u00bb. <\/p>\n<p><strong>Un cammino di crescita<\/strong> umana e spirituale, quello che si porta avanti con i ragazzi, come racconta l\u2019animatrice Laura Bonardi: \u00abQui i ragazzi hanno trovato un luogo dove vivere l\u2019amicizia, sentirsi liberi, approfondire il rapporto con gli altri, e conoscere il messaggio cristiano lontani dai pericoli della strada\u00bb. E se i problemi sono evidenti &#8211; \u00abl\u2019 oratorio \u00e8 in condizioni pessime, non ci sono spazi per attivit\u00e0, dobbiamo inventarci tutto\u00bb &#8211; c\u2019\u00e8 ottimismo perch\u00e9, rivela, \u00aberano anni che non avevamo un gruppo cos\u00ec numeroso; vediamo in questo l\u2019aiuto del Signore\u00bb. <\/p>\n<p><strong>La parrocchia \u00e8 un punto<\/strong> di riferimento anche per i malati, gli anziani e i pi\u00f9 bisognosi, seguiti dalla Caritas, attiva da due anni: un centinaio le situazioni di disagio sul territorio, seguite con distribuzione di viveri, e l\u2019offerta di ascolto e accoglienza, perch\u00e9, spiega il parroco, \u00able sacche di povert\u00e0 si stanno allagando sempre di pi\u00f9 qui, tanti non hanno lavoro. Durante l\u2019anno facciamo delle raccolte, e abbiamo il grande aiuto del banco alimentare\u00bb. Padre Antonio non nasconde anche i problemi che la parrocchia affronta nella quotidianit\u00e0: la parola d\u2019ordine \u00e8 dare quello che si pu\u00f2, senza perdere la fiducia. \u00abViviamo enormi difficolt\u00e0, anche economiche, ci sono gli affitti dei locali da pagare: non so quanto riusciremo ad andare avanti. Facciamo il nostro meglio e aspettiamo tutti la costruzione della nuova chiesa: stiamo pregando per avere presto buone notizie\u00bb. <\/p>\n<p>18 febbraio 2014<\/p>\n","protected":false},"excerpt":{"rendered":"<p><img decoding=\"async\" class=\"immagine_sx\" alt=\"\" src=\"https:\/\/www.romasette.it\/uploads\/img53037d084dddf.jpg\"\/>La realt\u00e0 della parrocchia di Montespaccato, nata nel 2000 e ancora in strutture provvisorie. Il gruppo dei giovani e l&#8217;impegno della Caritas. Il parroco padre Antonio: \u00abLa parola d&#8217;ordine \u00e8 dare quello che si pu\u00f2\u00bb <span class=\"autore\">di Maria Elena Rosati<\/span><\/p>\n","protected":false},"author":1,"featured_media":0,"comment_status":"open","ping_status":"open","sticky":false,"template":"","format":"standard","meta":{"footnotes":""},"categories":[328],"tags":[],"yoast_head":"<!-- This site is optimized with the Yoast SEO plugin v24.5 - https:\/\/yoast.com\/wordpress\/plugins\/seo\/ -->\n<title>San Giovanni Neumann, comunit\u00e0 in preghiera per il dono della chiesa - Archivio Storico RS<\/title>\n<meta name=\"robots\" content=\"index, follow, max-snippet:-1, max-image-preview:large, max-video-preview:-1\" \/>\n<link rel=\"canonical\" href=\"https:\/\/www.romasette.it\/archivio\/san-giovanni-neumann-comunita-in-preghiera-per-il-dono-della-chiesa\/\" \/>\n<meta property=\"og:locale\" content=\"it_IT\" \/>\n<meta property=\"og:type\" content=\"article\" \/>\n<meta property=\"og:title\" content=\"San Giovanni Neumann, comunit\u00e0 in preghiera per il dono della chiesa - Archivio Storico RS\" \/>\n<meta property=\"og:description\" content=\"La realt\u00e0 della parrocchia di Montespaccato, nata nel 2000 e ancora in strutture provvisorie. Il gruppo dei giovani e l&#039;impegno della Caritas. Il parroco padre Antonio: \u00abLa parola d&#039;ordine \u00e8 dare quello che si pu\u00f2\u00bb di Maria Elena Rosati\" \/>\n<meta property=\"og:url\" content=\"https:\/\/www.romasette.it\/archivio\/san-giovanni-neumann-comunita-in-preghiera-per-il-dono-della-chiesa\/\" \/>\n<meta property=\"og:site_name\" content=\"Archivio Storico RS\" \/>\n<meta property=\"article:published_time\" content=\"2014-02-17T23:00:00+00:00\" \/>\n<meta name=\"author\" content=\"archivio\" \/>\n<meta name=\"twitter:card\" content=\"summary_large_image\" \/>\n<meta name=\"twitter:label1\" content=\"Scritto da\" \/>\n\t<meta name=\"twitter:data1\" content=\"archivio\" \/>\n\t<meta name=\"twitter:label2\" content=\"Tempo di lettura stimato\" \/>\n\t<meta name=\"twitter:data2\" content=\"3 minuti\" \/>\n<script type=\"application\/ld+json\" class=\"yoast-schema-graph\">{\"@context\":\"https:\/\/schema.org\",\"@graph\":[{\"@type\":\"WebPage\",\"@id\":\"https:\/\/www.romasette.it\/archivio\/san-giovanni-neumann-comunita-in-preghiera-per-il-dono-della-chiesa\/\",\"url\":\"https:\/\/www.romasette.it\/archivio\/san-giovanni-neumann-comunita-in-preghiera-per-il-dono-della-chiesa\/\",\"name\":\"San Giovanni Neumann, comunit\u00e0 in preghiera per il dono della chiesa - Archivio Storico RS\",\"isPartOf\":{\"@id\":\"https:\/\/www.romasette.it\/archivio\/#website\"},\"datePublished\":\"2014-02-17T23:00:00+00:00\",\"author\":{\"@id\":\"https:\/\/www.romasette.it\/archivio\/#\/schema\/person\/8b3f680d37dbda05fae782e14e685cb1\"},\"breadcrumb\":{\"@id\":\"https:\/\/www.romasette.it\/archivio\/san-giovanni-neumann-comunita-in-preghiera-per-il-dono-della-chiesa\/#breadcrumb\"},\"inLanguage\":\"it-IT\",\"potentialAction\":[{\"@type\":\"ReadAction\",\"target\":[\"https:\/\/www.romasette.it\/archivio\/san-giovanni-neumann-comunita-in-preghiera-per-il-dono-della-chiesa\/\"]}]},{\"@type\":\"BreadcrumbList\",\"@id\":\"https:\/\/www.romasette.it\/archivio\/san-giovanni-neumann-comunita-in-preghiera-per-il-dono-della-chiesa\/#breadcrumb\",\"itemListElement\":[{\"@type\":\"ListItem\",\"position\":1,\"name\":\"Home\",\"item\":\"https:\/\/www.romasette.it\/archivio\/\"},{\"@type\":\"ListItem\",\"position\":2,\"name\":\"San Giovanni Neumann, comunit\u00e0 in preghiera per il dono della chiesa\"}]},{\"@type\":\"WebSite\",\"@id\":\"https:\/\/www.romasette.it\/archivio\/#website\",\"url\":\"https:\/\/www.romasette.it\/archivio\/\",\"name\":\"Archivio Storico RS\",\"description\":\"archivio storico\",\"potentialAction\":[{\"@type\":\"SearchAction\",\"target\":{\"@type\":\"EntryPoint\",\"urlTemplate\":\"https:\/\/www.romasette.it\/archivio\/?s={search_term_string}\"},\"query-input\":{\"@type\":\"PropertyValueSpecification\",\"valueRequired\":true,\"valueName\":\"search_term_string\"}}],\"inLanguage\":\"it-IT\"},{\"@type\":\"Person\",\"@id\":\"https:\/\/www.romasette.it\/archivio\/#\/schema\/person\/8b3f680d37dbda05fae782e14e685cb1\",\"name\":\"archivio\",\"image\":{\"@type\":\"ImageObject\",\"inLanguage\":\"it-IT\",\"@id\":\"https:\/\/www.romasette.it\/archivio\/#\/schema\/person\/image\/\",\"url\":\"https:\/\/secure.gravatar.com\/avatar\/209851bf0c8c5f4ec80bee64baa5af7c?s=96&d=mm&r=g\",\"contentUrl\":\"https:\/\/secure.gravatar.com\/avatar\/209851bf0c8c5f4ec80bee64baa5af7c?s=96&d=mm&r=g\",\"caption\":\"archivio\"},\"url\":\"https:\/\/www.romasette.it\/archivio\/author\/archivio\/\"}]}<\/script>\n<!-- \/ Yoast SEO plugin. -->","yoast_head_json":{"title":"San Giovanni Neumann, comunit\u00e0 in preghiera per il dono della chiesa - Archivio Storico RS","robots":{"index":"index","follow":"follow","max-snippet":"max-snippet:-1","max-image-preview":"max-image-preview:large","max-video-preview":"max-video-preview:-1"},"canonical":"https:\/\/www.romasette.it\/archivio\/san-giovanni-neumann-comunita-in-preghiera-per-il-dono-della-chiesa\/","og_locale":"it_IT","og_type":"article","og_title":"San Giovanni Neumann, comunit\u00e0 in preghiera per il dono della chiesa - Archivio Storico RS","og_description":"La realt\u00e0 della parrocchia di Montespaccato, nata nel 2000 e ancora in strutture provvisorie. Il gruppo dei giovani e l'impegno della Caritas. Il parroco padre Antonio: \u00abLa parola d'ordine \u00e8 dare quello che si pu\u00f2\u00bb di Maria Elena Rosati","og_url":"https:\/\/www.romasette.it\/archivio\/san-giovanni-neumann-comunita-in-preghiera-per-il-dono-della-chiesa\/","og_site_name":"Archivio Storico RS","article_published_time":"2014-02-17T23:00:00+00:00","author":"archivio","twitter_card":"summary_large_image","twitter_misc":{"Scritto da":"archivio","Tempo di lettura stimato":"3 minuti"},"schema":{"@context":"https:\/\/schema.org","@graph":[{"@type":"WebPage","@id":"https:\/\/www.romasette.it\/archivio\/san-giovanni-neumann-comunita-in-preghiera-per-il-dono-della-chiesa\/","url":"https:\/\/www.romasette.it\/archivio\/san-giovanni-neumann-comunita-in-preghiera-per-il-dono-della-chiesa\/","name":"San Giovanni Neumann, comunit\u00e0 in preghiera per il dono della chiesa - Archivio Storico RS","isPartOf":{"@id":"https:\/\/www.romasette.it\/archivio\/#website"},"datePublished":"2014-02-17T23:00:00+00:00","author":{"@id":"https:\/\/www.romasette.it\/archivio\/#\/schema\/person\/8b3f680d37dbda05fae782e14e685cb1"},"breadcrumb":{"@id":"https:\/\/www.romasette.it\/archivio\/san-giovanni-neumann-comunita-in-preghiera-per-il-dono-della-chiesa\/#breadcrumb"},"inLanguage":"it-IT","potentialAction":[{"@type":"ReadAction","target":["https:\/\/www.romasette.it\/archivio\/san-giovanni-neumann-comunita-in-preghiera-per-il-dono-della-chiesa\/"]}]},{"@type":"BreadcrumbList","@id":"https:\/\/www.romasette.it\/archivio\/san-giovanni-neumann-comunita-in-preghiera-per-il-dono-della-chiesa\/#breadcrumb","itemListElement":[{"@type":"ListItem","position":1,"name":"Home","item":"https:\/\/www.romasette.it\/archivio\/"},{"@type":"ListItem","position":2,"name":"San Giovanni Neumann, comunit\u00e0 in preghiera per il dono della chiesa"}]},{"@type":"WebSite","@id":"https:\/\/www.romasette.it\/archivio\/#website","url":"https:\/\/www.romasette.it\/archivio\/","name":"Archivio Storico RS","description":"archivio storico","potentialAction":[{"@type":"SearchAction","target":{"@type":"EntryPoint","urlTemplate":"https:\/\/www.romasette.it\/archivio\/?s={search_term_string}"},"query-input":{"@type":"PropertyValueSpecification","valueRequired":true,"valueName":"search_term_string"}}],"inLanguage":"it-IT"},{"@type":"Person","@id":"https:\/\/www.romasette.it\/archivio\/#\/schema\/person\/8b3f680d37dbda05fae782e14e685cb1","name":"archivio","image":{"@type":"ImageObject","inLanguage":"it-IT","@id":"https:\/\/www.romasette.it\/archivio\/#\/schema\/person\/image\/","url":"https:\/\/secure.gravatar.com\/avatar\/209851bf0c8c5f4ec80bee64baa5af7c?s=96&d=mm&r=g","contentUrl":"https:\/\/secure.gravatar.com\/avatar\/209851bf0c8c5f4ec80bee64baa5af7c?s=96&d=mm&r=g","caption":"archivio"},"url":"https:\/\/www.romasette.it\/archivio\/author\/archivio\/"}]}},"_links":{"self":[{"href":"https:\/\/www.romasette.it\/archivio\/wp-json\/wp\/v2\/posts\/31236"}],"collection":[{"href":"https:\/\/www.romasette.it\/archivio\/wp-json\/wp\/v2\/posts"}],"about":[{"href":"https:\/\/www.romasette.it\/archivio\/wp-json\/wp\/v2\/types\/post"}],"author":[{"embeddable":true,"href":"https:\/\/www.romasette.it\/archivio\/wp-json\/wp\/v2\/users\/1"}],"replies":[{"embeddable":true,"href":"https:\/\/www.romasette.it\/archivio\/wp-json\/wp\/v2\/comments?post=31236"}],"version-history":[{"count":0,"href":"https:\/\/www.romasette.it\/archivio\/wp-json\/wp\/v2\/posts\/31236\/revisions"}],"wp:attachment":[{"href":"https:\/\/www.romasette.it\/archivio\/wp-json\/wp\/v2\/media?parent=31236"}],"wp:term":[{"taxonomy":"category","embeddable":true,"href":"https:\/\/www.romasette.it\/archivio\/wp-json\/wp\/v2\/categories?post=31236"},{"taxonomy":"post_tag","embeddable":true,"href":"https:\/\/www.romasette.it\/archivio\/wp-json\/wp\/v2\/tags?post=31236"}],"curies":[{"name":"wp","href":"https:\/\/api.w.org\/{rel}","templated":true}]}}