{"id":31239,"date":"2014-02-19T00:00:00","date_gmt":"2014-02-18T23:00:00","guid":{"rendered":"https:\/\/www.romasette.it\/archivio\/opera-romana-pellegrinaggi-da-80-anni-sulle-strade-della-fede\/"},"modified":"2014-02-19T00:00:00","modified_gmt":"2014-02-18T23:00:00","slug":"opera-romana-pellegrinaggi-da-80-anni-sulle-strade-della-fede","status":"publish","type":"post","link":"https:\/\/www.romasette.it\/archivio\/opera-romana-pellegrinaggi-da-80-anni-sulle-strade-della-fede\/","title":{"rendered":"Opera romana pellegrinaggi, da 80 anni sulle strade della fede"},"content":{"rendered":"<p><strong>Con l&#8217;Eucaristia, \u00abCristo si fa<\/strong> presente nel suo cammino pasquale verso il Padre: questo movimento ci introduce, corpo e anima, nel movimento di tutto il creato verso la pienezza di Dio\u00bb. Parla di un viaggio, in questo passaggio, l&#8217;Enciclica <i>Lumen Fidei<\/i>. Il viaggio della fede che non \u00e8 mai statica, il viaggio che Dio ci chiede di fare \u00abcome con Abramo\u00bb per \u00abmetterci in discussione, invitandoci a rischiare e a non avere paura\u00bb. Per monsignor Liberio Andreatta, vice presidente dell&#8217;Opera romana pellegrinaggi, di cui marted\u00ec 18 febbraio si sono celebrati gli 80 anni dalla fondazione, \u00e8 sempre stata chiara l&#8217;intima connessione tra il viaggio e la vita che \u00e8 \u00abun cammino per incontrare Cristo insieme ai fratelli in un percorso non privo di ostacoli e difficolt\u00e0\u00bb. <\/p>\n<p><strong>Come quello che l&#8217;Orp ha intrapreso<\/strong> due mesi fa in Iraq e raccontato nel reportage del giornalista di Tv2000 Luigi Ferraiuolo, presentato, in anteprima, all&#8217;interno del XVI Convegno nazionale teologico pastorale dal titolo \u00abEucaristia pane del pellegrino\u00bb. In Iraq \u00absiamo stati un segno di speranza per la gente &#8211; ha continuato monsignor Andreatta -; incontrando le comunit\u00e0 islamiche ho compreso la grande volont\u00e0 di riconciliazione di quella terra che si pu\u00f2 attuare anche tramite la nostra presenza che veicola un messaggio d&#8217;amore e di fiducia in Dio e negli uomini\u00bb. <\/p>\n<p><strong>A presentare i saluti della<\/strong> Conferenza episcopale italiana, a nome del presidente cardinale Angelo Bagnasco, il segretario generale <i>ad interim<\/i> monsignor Nunzio Galantino che, riferendosi al tema del convegno, ha sottolineato come l&#8217;Eucaristia debba \u00abcostituire il riferimento ideale di ogni partenza e arrivo\u00bb, mentre il \u00abpellegrinaggio aiuta l&#8217;Eucaristia a recuperare il suo carattere dinamico\u00bb. Da essa, ha concluso il segretario della Cei, \u00abbisogna partire scegliendo gli obiettivi immediati, anche se quello generale rimane la ricerca di Dio\u00bb. Una ricerca accompagnata, anche durante il pellegrinaggio, dai tanti sacerdoti che, per monsignor Celso Morga Iruzubieta, segretario della Congregazione per il clero, sono i \u00abprimi testimoni e i dispensatori della vita eterna\u00bb. Essi, per il prelato, devono altres\u00ec avere la capacit\u00e0 di essere \u00abuomini non estranei a questa vita\u00bb, trovandosi in un \u00abequilibrio difficile\u00bb, risolto dal \u00abcontatto con l&#8217;Eucaristia\u00bb e dall&#8217;\u00abaiuto dei fratelli laici, chiamati anche loro ad essere gioiosi e misericordiosi nell&#8217;annuncio del Vangelo\u00bb.<\/p>\n<p><strong>E del ruolo del pellegrino<\/strong> ha parlato anche il custode di Terra Santa, padre Pierbattista Pizzaballa: deve essere \u00abtestimone di pace, portando benessere e fraternit\u00e0\u00bb. Il pellegrino, infatti, \u00abpu\u00f2 andare ovunque e incontrare chiunque, mentre non possono farlo gli ebrei e i palestinesi che hanno vincoli di spostamento\u00bb. Attraverso i viaggi sui luoghi di Ges\u00f9, \u00e8 pi\u00f9 facile \u00abcomprendere &#8211; ha sottolineato padre Pizzaballa &#8211; il senso pi\u00f9 profondo dell&#8217;Eucaristia e di Ges\u00f9 che spezza il pane e si spezza lui stesso per gli uomini\u00bb. E per \u00abspezzare\u00bb, ancora oggi, quel pane al modo di Ges\u00f9, \u00abuna risposta potrebbero essere &#8211; ha concluso &#8211; le adozioni a distanza, ma anche altre forme di aiuto e sostegno\u00bb per le popolazioni della Terra Santa.<\/p>\n<p><strong>\u00abFare storia del viaggio<\/strong> \u00e8 fare storia del pensiero e in particolare del rapporto che l\u2019uomo ha stabilito con le proprie attese pi\u00f9 profonde\u00bb. Questo uno dei passaggi pi\u00f9 significativi che padre Antonio Spadaro, direttore de La Civilt\u00e0 Cattolica, ha affrontato nel corso della sua relazione, durante la mattinata. Il sacerdote ha presentato figure di \u00abviaggiatori\u00bb e pellegrini, sottolineando che \u00abmentre l\u2019uomo cammina, emerge in lui il bisogno di una redenzione del cammino che compie, una salvezza dall\u2019insignificanza\u00bb. L\u2019uomo \u00abche nel suo cammino se ne va sicuro non \u00e8 vero viaggiatore. Il suo \u00e8 un viaggio mai iniziato, una passeggiata senza imprevisti. Il viaggio implica l\u2019apertura a una dimensione vitale di attesa, il desiderio di una terra promessa che rende il passo sicuro s\u00ec, ma sempre inquieto\u00bb.<\/p>\n<p><strong>Tra le mete dei pellegrinaggi<\/strong> dell&#8217;Orp, oltre ai luoghi della vita e della passione di Ges\u00f9 Cristo, ci sono anche quelli in cui si \u00e8 rivelata la Vergine Maria: Fatima e Lourdes. Per padre Regis Marie De La Teyssoniere, cappellano del santuario mariano francese, \u00abla grazia che siamo chiamati a vivere nella nostra terra si sviluppa tra servizio e parola. Qui si accoglie il Vangelo tra l&#8217;umanit\u00e0 sofferente\u00bb. E nonostante i pellegrini siano sempre \u00abmeno numerosi\u00bb per diverse ragioni, da ultima l&#8217;alluvione dei mesi passati che ha interessato anche il santuario, \u00abripartiamo dalla volont\u00e0 di servire e accoglierli meglio, aprendo ancora di pi\u00f9 il nostro cuore\u00bb. Accogliere al meglio i pellegrini quindi, come riportato negli statuti approvati dalla Santa Sede anche per il santuario di Fatima. \u00abQui &#8211; ha notato il rettore padre Carlos Cabecinhas &#8211; \u00e8 possibile svolgere questa missione anche grazie al lavoro dell&#8217;Opera romana pellegrinaggi, la cui cura spirituale, grazie alla preparazione dei sacerdoti, e organizzativa del viaggio sono il primo servizio all&#8217;evangelizzazione che si realizza pienamente sui luoghi della fede\u00bb. <\/p>\n<p><strong>A fine serata, il cardinale<\/strong> Gianfranco Ravasi, presidente del Pontificio Consiglio della cultura, ha presieduto la Messa conclusiva del convegno alla <i>Domus Mariae<\/i>, che ha preceduto l&#8217;ultima tappa della tre giorni dell&#8217;Opera romana pellegrinaggi: l&#8217;Udienza generale in piazza San Pietro di mercoled\u00ec 19 febbraio con Papa Francesco. <\/p>\n<p>19 febbraio 2014<\/p>\n","protected":false},"excerpt":{"rendered":"<p><img decoding=\"async\" class=\"immagine_sx\" alt=\"\" src=\"https:\/\/www.romasette.it\/uploads\/img53046840b43e5.jpg\"\/>L&#8217;anniversario celebrato nell&#8217;ambito del Convegno teologico pastorale, alla Domus Pacis. Il custode di Terra Santa padre Pierbattista Pizzaballa: \u00abIl pellegrino, testimone di pace, portatore di fraternit\u00e0\u00bb <span class=\"autore\">di Christian Giorgio<\/span><\/p>\n","protected":false},"author":1,"featured_media":0,"comment_status":"open","ping_status":"open","sticky":false,"template":"","format":"standard","meta":{"footnotes":""},"categories":[331],"tags":[],"yoast_head":"<!-- This site is optimized with the Yoast SEO plugin v24.5 - https:\/\/yoast.com\/wordpress\/plugins\/seo\/ -->\n<title>Opera romana pellegrinaggi, da 80 anni sulle strade della fede - Archivio Storico RS<\/title>\n<meta name=\"robots\" content=\"index, follow, max-snippet:-1, max-image-preview:large, max-video-preview:-1\" \/>\n<link rel=\"canonical\" href=\"https:\/\/www.romasette.it\/archivio\/opera-romana-pellegrinaggi-da-80-anni-sulle-strade-della-fede\/\" \/>\n<meta property=\"og:locale\" content=\"it_IT\" \/>\n<meta property=\"og:type\" content=\"article\" \/>\n<meta property=\"og:title\" content=\"Opera romana pellegrinaggi, da 80 anni sulle strade della fede - Archivio Storico RS\" \/>\n<meta property=\"og:description\" content=\"L&#039;anniversario celebrato nell&#039;ambito del Convegno teologico pastorale, alla Domus Pacis. Il custode di Terra Santa padre Pierbattista Pizzaballa: \u00abIl pellegrino, testimone di pace, portatore di fraternit\u00e0\u00bb di Christian Giorgio\" \/>\n<meta property=\"og:url\" content=\"https:\/\/www.romasette.it\/archivio\/opera-romana-pellegrinaggi-da-80-anni-sulle-strade-della-fede\/\" \/>\n<meta property=\"og:site_name\" content=\"Archivio Storico RS\" \/>\n<meta property=\"article:published_time\" content=\"2014-02-18T23:00:00+00:00\" \/>\n<meta name=\"author\" content=\"archivio\" \/>\n<meta name=\"twitter:card\" content=\"summary_large_image\" \/>\n<meta name=\"twitter:label1\" content=\"Scritto da\" \/>\n\t<meta name=\"twitter:data1\" content=\"archivio\" \/>\n\t<meta name=\"twitter:label2\" content=\"Tempo di lettura stimato\" \/>\n\t<meta name=\"twitter:data2\" content=\"4 minuti\" \/>\n<script type=\"application\/ld+json\" class=\"yoast-schema-graph\">{\"@context\":\"https:\/\/schema.org\",\"@graph\":[{\"@type\":\"WebPage\",\"@id\":\"https:\/\/www.romasette.it\/archivio\/opera-romana-pellegrinaggi-da-80-anni-sulle-strade-della-fede\/\",\"url\":\"https:\/\/www.romasette.it\/archivio\/opera-romana-pellegrinaggi-da-80-anni-sulle-strade-della-fede\/\",\"name\":\"Opera romana pellegrinaggi, da 80 anni sulle strade della fede - Archivio Storico RS\",\"isPartOf\":{\"@id\":\"https:\/\/www.romasette.it\/archivio\/#website\"},\"datePublished\":\"2014-02-18T23:00:00+00:00\",\"author\":{\"@id\":\"https:\/\/www.romasette.it\/archivio\/#\/schema\/person\/8b3f680d37dbda05fae782e14e685cb1\"},\"breadcrumb\":{\"@id\":\"https:\/\/www.romasette.it\/archivio\/opera-romana-pellegrinaggi-da-80-anni-sulle-strade-della-fede\/#breadcrumb\"},\"inLanguage\":\"it-IT\",\"potentialAction\":[{\"@type\":\"ReadAction\",\"target\":[\"https:\/\/www.romasette.it\/archivio\/opera-romana-pellegrinaggi-da-80-anni-sulle-strade-della-fede\/\"]}]},{\"@type\":\"BreadcrumbList\",\"@id\":\"https:\/\/www.romasette.it\/archivio\/opera-romana-pellegrinaggi-da-80-anni-sulle-strade-della-fede\/#breadcrumb\",\"itemListElement\":[{\"@type\":\"ListItem\",\"position\":1,\"name\":\"Home\",\"item\":\"https:\/\/www.romasette.it\/archivio\/\"},{\"@type\":\"ListItem\",\"position\":2,\"name\":\"Opera romana pellegrinaggi, da 80 anni sulle strade della fede\"}]},{\"@type\":\"WebSite\",\"@id\":\"https:\/\/www.romasette.it\/archivio\/#website\",\"url\":\"https:\/\/www.romasette.it\/archivio\/\",\"name\":\"Archivio Storico RS\",\"description\":\"archivio storico\",\"potentialAction\":[{\"@type\":\"SearchAction\",\"target\":{\"@type\":\"EntryPoint\",\"urlTemplate\":\"https:\/\/www.romasette.it\/archivio\/?s={search_term_string}\"},\"query-input\":{\"@type\":\"PropertyValueSpecification\",\"valueRequired\":true,\"valueName\":\"search_term_string\"}}],\"inLanguage\":\"it-IT\"},{\"@type\":\"Person\",\"@id\":\"https:\/\/www.romasette.it\/archivio\/#\/schema\/person\/8b3f680d37dbda05fae782e14e685cb1\",\"name\":\"archivio\",\"image\":{\"@type\":\"ImageObject\",\"inLanguage\":\"it-IT\",\"@id\":\"https:\/\/www.romasette.it\/archivio\/#\/schema\/person\/image\/\",\"url\":\"https:\/\/secure.gravatar.com\/avatar\/209851bf0c8c5f4ec80bee64baa5af7c?s=96&d=mm&r=g\",\"contentUrl\":\"https:\/\/secure.gravatar.com\/avatar\/209851bf0c8c5f4ec80bee64baa5af7c?s=96&d=mm&r=g\",\"caption\":\"archivio\"},\"url\":\"https:\/\/www.romasette.it\/archivio\/author\/archivio\/\"}]}<\/script>\n<!-- \/ Yoast SEO plugin. -->","yoast_head_json":{"title":"Opera romana pellegrinaggi, da 80 anni sulle strade della fede - Archivio Storico RS","robots":{"index":"index","follow":"follow","max-snippet":"max-snippet:-1","max-image-preview":"max-image-preview:large","max-video-preview":"max-video-preview:-1"},"canonical":"https:\/\/www.romasette.it\/archivio\/opera-romana-pellegrinaggi-da-80-anni-sulle-strade-della-fede\/","og_locale":"it_IT","og_type":"article","og_title":"Opera romana pellegrinaggi, da 80 anni sulle strade della fede - Archivio Storico RS","og_description":"L'anniversario celebrato nell'ambito del Convegno teologico pastorale, alla Domus Pacis. Il custode di Terra Santa padre Pierbattista Pizzaballa: \u00abIl pellegrino, testimone di pace, portatore di fraternit\u00e0\u00bb di Christian Giorgio","og_url":"https:\/\/www.romasette.it\/archivio\/opera-romana-pellegrinaggi-da-80-anni-sulle-strade-della-fede\/","og_site_name":"Archivio Storico RS","article_published_time":"2014-02-18T23:00:00+00:00","author":"archivio","twitter_card":"summary_large_image","twitter_misc":{"Scritto da":"archivio","Tempo di lettura stimato":"4 minuti"},"schema":{"@context":"https:\/\/schema.org","@graph":[{"@type":"WebPage","@id":"https:\/\/www.romasette.it\/archivio\/opera-romana-pellegrinaggi-da-80-anni-sulle-strade-della-fede\/","url":"https:\/\/www.romasette.it\/archivio\/opera-romana-pellegrinaggi-da-80-anni-sulle-strade-della-fede\/","name":"Opera romana pellegrinaggi, da 80 anni sulle strade della fede - Archivio Storico RS","isPartOf":{"@id":"https:\/\/www.romasette.it\/archivio\/#website"},"datePublished":"2014-02-18T23:00:00+00:00","author":{"@id":"https:\/\/www.romasette.it\/archivio\/#\/schema\/person\/8b3f680d37dbda05fae782e14e685cb1"},"breadcrumb":{"@id":"https:\/\/www.romasette.it\/archivio\/opera-romana-pellegrinaggi-da-80-anni-sulle-strade-della-fede\/#breadcrumb"},"inLanguage":"it-IT","potentialAction":[{"@type":"ReadAction","target":["https:\/\/www.romasette.it\/archivio\/opera-romana-pellegrinaggi-da-80-anni-sulle-strade-della-fede\/"]}]},{"@type":"BreadcrumbList","@id":"https:\/\/www.romasette.it\/archivio\/opera-romana-pellegrinaggi-da-80-anni-sulle-strade-della-fede\/#breadcrumb","itemListElement":[{"@type":"ListItem","position":1,"name":"Home","item":"https:\/\/www.romasette.it\/archivio\/"},{"@type":"ListItem","position":2,"name":"Opera romana pellegrinaggi, da 80 anni sulle strade della fede"}]},{"@type":"WebSite","@id":"https:\/\/www.romasette.it\/archivio\/#website","url":"https:\/\/www.romasette.it\/archivio\/","name":"Archivio Storico RS","description":"archivio storico","potentialAction":[{"@type":"SearchAction","target":{"@type":"EntryPoint","urlTemplate":"https:\/\/www.romasette.it\/archivio\/?s={search_term_string}"},"query-input":{"@type":"PropertyValueSpecification","valueRequired":true,"valueName":"search_term_string"}}],"inLanguage":"it-IT"},{"@type":"Person","@id":"https:\/\/www.romasette.it\/archivio\/#\/schema\/person\/8b3f680d37dbda05fae782e14e685cb1","name":"archivio","image":{"@type":"ImageObject","inLanguage":"it-IT","@id":"https:\/\/www.romasette.it\/archivio\/#\/schema\/person\/image\/","url":"https:\/\/secure.gravatar.com\/avatar\/209851bf0c8c5f4ec80bee64baa5af7c?s=96&d=mm&r=g","contentUrl":"https:\/\/secure.gravatar.com\/avatar\/209851bf0c8c5f4ec80bee64baa5af7c?s=96&d=mm&r=g","caption":"archivio"},"url":"https:\/\/www.romasette.it\/archivio\/author\/archivio\/"}]}},"_links":{"self":[{"href":"https:\/\/www.romasette.it\/archivio\/wp-json\/wp\/v2\/posts\/31239"}],"collection":[{"href":"https:\/\/www.romasette.it\/archivio\/wp-json\/wp\/v2\/posts"}],"about":[{"href":"https:\/\/www.romasette.it\/archivio\/wp-json\/wp\/v2\/types\/post"}],"author":[{"embeddable":true,"href":"https:\/\/www.romasette.it\/archivio\/wp-json\/wp\/v2\/users\/1"}],"replies":[{"embeddable":true,"href":"https:\/\/www.romasette.it\/archivio\/wp-json\/wp\/v2\/comments?post=31239"}],"version-history":[{"count":0,"href":"https:\/\/www.romasette.it\/archivio\/wp-json\/wp\/v2\/posts\/31239\/revisions"}],"wp:attachment":[{"href":"https:\/\/www.romasette.it\/archivio\/wp-json\/wp\/v2\/media?parent=31239"}],"wp:term":[{"taxonomy":"category","embeddable":true,"href":"https:\/\/www.romasette.it\/archivio\/wp-json\/wp\/v2\/categories?post=31239"},{"taxonomy":"post_tag","embeddable":true,"href":"https:\/\/www.romasette.it\/archivio\/wp-json\/wp\/v2\/tags?post=31239"}],"curies":[{"name":"wp","href":"https:\/\/api.w.org\/{rel}","templated":true}]}}