{"id":32377,"date":"2014-07-16T00:00:00","date_gmt":"2014-07-15T22:00:00","guid":{"rendered":"https:\/\/www.romasette.it\/archivio\/il-papa-nomina-nuovi-consultori-della-congregazione-della-vita-consacrata\/"},"modified":"2019-10-27T00:41:10","modified_gmt":"2019-10-26T22:41:10","slug":"il-papa-nomina-nuovi-consultori-della-congregazione-della-vita-consacrata","status":"publish","type":"post","link":"https:\/\/www.romasette.it\/archivio\/il-papa-nomina-nuovi-consultori-della-congregazione-della-vita-consacrata\/","title":{"rendered":"Il Papa nomina nuovi consultori della Congregazione della vita consacrata"},"content":{"rendered":"<p><strong>Nuove nomine alla Congregazione<\/strong> per gli Istituti di Vita Consacrata e le Societ\u00e0 di vita apostolica. Papa Francesco, fanno sapere dalla Sala stampa della Santa sede, ha infatti indicato nuovi consultori, per un quinquennio, nelle persone dei monsignori Bruno Forte, arcivescovo di Chieti-Vasto, e Angelo Vincenzo Zani, arcivescovo di Volturno, segretario della Congregazione per l\u2019Educazione Cattolica; suor Marcella Farina, docente ordinario di Teologia fondamentale e sistematica nella Pontificia Facolt\u00e0 di Scienze dell\u2019Educazione \u201cAuxilium\u201d, Roma; padre Jos\u00e9 Cristo Rey Garc\u00eda Paredes, vice direttore dell\u2019Istituto Teologico di Vita Religiosa di Madrid; padre Robert J. Geisinger, gesuita, docente di Diritto Canonico alla Pontificia Universit\u00e0 Gregoriana, procuratore generale della Compagnia di Ges\u00f9, Roma; padre Lo\u00efc Marie Le Bot, decano della Facolt\u00e0 di Diritto Canonico dell\u2019Istituto Cattolico di Toulouse (Francia); suor Maria Domenica Melone, rettore magnifico della Pontificia Universit\u00e0 \u201cAntonianum\u201d, Roma; padre Pier Luigi Nava, docente di Formazione alla vita consacrata nella Pontificia Facolt\u00e0 di Scienze dell\u2019Educazione \u201cAuxilium\u201d, Roma; Jesu Maria James Pudumai Doss, docente straordinario nella Facolt\u00e0 di Diritto Canonico della Pontificia Universit\u00e0 Salesiana di Roma.<\/p>\n<p><strong>E ancora, il carmelitano padre Bruno Secondin<\/strong>, carmelitano, docente ordinario emerito di Spiritualit\u00e0 moderna e Fondamenti di vita spirituale alla Gregoriana; padre Yuji Sugawara, gesuita, decano della Facolt\u00e0 di Diritto Canonico della Pontificia Universit\u00e0 Gregoriana; Elena Lucia Bolchi, consacrata nell\u2019Ordo Virginum dell\u2019arcidiocesi di Milano, patrono stabile del Tribunale Ecclesiastico Regionale Lombardo e Lourdes Grosso Garc\u00eda, direttrice del Segretariato della Commissione episcopale per la Vita Consacrata della Conferenza episcopale spagnola di Madrid.<\/p>\n<p>16 luglio 2014<\/p>\n","protected":false},"excerpt":{"rendered":"<p><img decoding=\"async\" class=\"immagine_sx\" alt=\"\" src=\"https:\/\/www.romasette.it\/uploads\/img53b51880a58bd.jpg\"\/>Tra gli altri  il rettore dell&#8217;Antonianum, suor Maria Domenica Melone, suor Marcella Farina (Auxilium) i gesuiti Geisinger e Sugawara e il carmelitano Bruno Secondin, docenti alla Gregoriana<span class=\"autore\"> di R. S.<\/span><\/p>\n","protected":false},"author":82,"featured_media":0,"comment_status":"open","ping_status":"open","sticky":false,"template":"","format":"standard","meta":{"footnotes":""},"categories":[376],"tags":[],"yoast_head":"<!-- This site is optimized with the Yoast SEO plugin v24.5 - https:\/\/yoast.com\/wordpress\/plugins\/seo\/ -->\n<title>Il Papa nomina nuovi consultori della Congregazione della vita consacrata - Archivio Storico RS<\/title>\n<meta name=\"robots\" content=\"index, follow, max-snippet:-1, max-image-preview:large, max-video-preview:-1\" \/>\n<link rel=\"canonical\" href=\"https:\/\/www.romasette.it\/archivio\/il-papa-nomina-nuovi-consultori-della-congregazione-della-vita-consacrata\/\" \/>\n<meta property=\"og:locale\" content=\"it_IT\" \/>\n<meta property=\"og:type\" content=\"article\" \/>\n<meta property=\"og:title\" content=\"Il Papa nomina nuovi consultori della Congregazione della vita consacrata - Archivio Storico RS\" \/>\n<meta property=\"og:description\" content=\"Tra gli altri il rettore dell&#039;Antonianum, suor Maria Domenica Melone, suor Marcella Farina (Auxilium) i gesuiti Geisinger e Sugawara e il carmelitano Bruno Secondin, docenti alla Gregoriana di R. S.\" \/>\n<meta property=\"og:url\" content=\"https:\/\/www.romasette.it\/archivio\/il-papa-nomina-nuovi-consultori-della-congregazione-della-vita-consacrata\/\" \/>\n<meta property=\"og:site_name\" content=\"Archivio Storico RS\" \/>\n<meta property=\"article:published_time\" content=\"2014-07-15T22:00:00+00:00\" \/>\n<meta property=\"article:modified_time\" content=\"2019-10-26T22:41:10+00:00\" \/>\n<meta name=\"author\" content=\"R. S.\" \/>\n<meta name=\"twitter:card\" content=\"summary_large_image\" \/>\n<meta name=\"twitter:label1\" content=\"Scritto da\" \/>\n\t<meta name=\"twitter:data1\" content=\"R. S.\" \/>\n\t<meta name=\"twitter:label2\" content=\"Tempo di lettura stimato\" \/>\n\t<meta name=\"twitter:data2\" content=\"1 minuto\" \/>\n<script type=\"application\/ld+json\" class=\"yoast-schema-graph\">{\"@context\":\"https:\/\/schema.org\",\"@graph\":[{\"@type\":\"WebPage\",\"@id\":\"https:\/\/www.romasette.it\/archivio\/il-papa-nomina-nuovi-consultori-della-congregazione-della-vita-consacrata\/\",\"url\":\"https:\/\/www.romasette.it\/archivio\/il-papa-nomina-nuovi-consultori-della-congregazione-della-vita-consacrata\/\",\"name\":\"Il Papa nomina nuovi consultori della Congregazione della vita consacrata - Archivio Storico RS\",\"isPartOf\":{\"@id\":\"https:\/\/www.romasette.it\/archivio\/#website\"},\"datePublished\":\"2014-07-15T22:00:00+00:00\",\"dateModified\":\"2019-10-26T22:41:10+00:00\",\"author\":{\"@id\":\"https:\/\/www.romasette.it\/archivio\/#\/schema\/person\/b61595f7d9cbd1bc5ed8023a6df9102e\"},\"breadcrumb\":{\"@id\":\"https:\/\/www.romasette.it\/archivio\/il-papa-nomina-nuovi-consultori-della-congregazione-della-vita-consacrata\/#breadcrumb\"},\"inLanguage\":\"it-IT\",\"potentialAction\":[{\"@type\":\"ReadAction\",\"target\":[\"https:\/\/www.romasette.it\/archivio\/il-papa-nomina-nuovi-consultori-della-congregazione-della-vita-consacrata\/\"]}]},{\"@type\":\"BreadcrumbList\",\"@id\":\"https:\/\/www.romasette.it\/archivio\/il-papa-nomina-nuovi-consultori-della-congregazione-della-vita-consacrata\/#breadcrumb\",\"itemListElement\":[{\"@type\":\"ListItem\",\"position\":1,\"name\":\"Home\",\"item\":\"https:\/\/www.romasette.it\/archivio\/\"},{\"@type\":\"ListItem\",\"position\":2,\"name\":\"Il Papa nomina nuovi consultori della Congregazione della vita consacrata\"}]},{\"@type\":\"WebSite\",\"@id\":\"https:\/\/www.romasette.it\/archivio\/#website\",\"url\":\"https:\/\/www.romasette.it\/archivio\/\",\"name\":\"Archivio Storico RS\",\"description\":\"archivio storico\",\"potentialAction\":[{\"@type\":\"SearchAction\",\"target\":{\"@type\":\"EntryPoint\",\"urlTemplate\":\"https:\/\/www.romasette.it\/archivio\/?s={search_term_string}\"},\"query-input\":{\"@type\":\"PropertyValueSpecification\",\"valueRequired\":true,\"valueName\":\"search_term_string\"}}],\"inLanguage\":\"it-IT\"},{\"@type\":\"Person\",\"@id\":\"https:\/\/www.romasette.it\/archivio\/#\/schema\/person\/b61595f7d9cbd1bc5ed8023a6df9102e\",\"name\":\"R. S.\",\"image\":{\"@type\":\"ImageObject\",\"inLanguage\":\"it-IT\",\"@id\":\"https:\/\/www.romasette.it\/archivio\/#\/schema\/person\/image\/\",\"url\":\"https:\/\/secure.gravatar.com\/avatar\/2396ccf09d32bbb1ee064c4dad43f38d?s=96&d=mm&r=g\",\"contentUrl\":\"https:\/\/secure.gravatar.com\/avatar\/2396ccf09d32bbb1ee064c4dad43f38d?s=96&d=mm&r=g\",\"caption\":\"R. S.\"},\"url\":\"https:\/\/www.romasette.it\/archivio\/author\/r-s\/\"}]}<\/script>\n<!-- \/ Yoast SEO plugin. -->","yoast_head_json":{"title":"Il Papa nomina nuovi consultori della Congregazione della vita consacrata - Archivio Storico RS","robots":{"index":"index","follow":"follow","max-snippet":"max-snippet:-1","max-image-preview":"max-image-preview:large","max-video-preview":"max-video-preview:-1"},"canonical":"https:\/\/www.romasette.it\/archivio\/il-papa-nomina-nuovi-consultori-della-congregazione-della-vita-consacrata\/","og_locale":"it_IT","og_type":"article","og_title":"Il Papa nomina nuovi consultori della Congregazione della vita consacrata - Archivio Storico RS","og_description":"Tra gli altri il rettore dell'Antonianum, suor Maria Domenica Melone, suor Marcella Farina (Auxilium) i gesuiti Geisinger e Sugawara e il carmelitano Bruno Secondin, docenti alla Gregoriana di R. S.","og_url":"https:\/\/www.romasette.it\/archivio\/il-papa-nomina-nuovi-consultori-della-congregazione-della-vita-consacrata\/","og_site_name":"Archivio Storico RS","article_published_time":"2014-07-15T22:00:00+00:00","article_modified_time":"2019-10-26T22:41:10+00:00","author":"R. S.","twitter_card":"summary_large_image","twitter_misc":{"Scritto da":"R. S.","Tempo di lettura stimato":"1 minuto"},"schema":{"@context":"https:\/\/schema.org","@graph":[{"@type":"WebPage","@id":"https:\/\/www.romasette.it\/archivio\/il-papa-nomina-nuovi-consultori-della-congregazione-della-vita-consacrata\/","url":"https:\/\/www.romasette.it\/archivio\/il-papa-nomina-nuovi-consultori-della-congregazione-della-vita-consacrata\/","name":"Il Papa nomina nuovi consultori della Congregazione della vita consacrata - Archivio Storico RS","isPartOf":{"@id":"https:\/\/www.romasette.it\/archivio\/#website"},"datePublished":"2014-07-15T22:00:00+00:00","dateModified":"2019-10-26T22:41:10+00:00","author":{"@id":"https:\/\/www.romasette.it\/archivio\/#\/schema\/person\/b61595f7d9cbd1bc5ed8023a6df9102e"},"breadcrumb":{"@id":"https:\/\/www.romasette.it\/archivio\/il-papa-nomina-nuovi-consultori-della-congregazione-della-vita-consacrata\/#breadcrumb"},"inLanguage":"it-IT","potentialAction":[{"@type":"ReadAction","target":["https:\/\/www.romasette.it\/archivio\/il-papa-nomina-nuovi-consultori-della-congregazione-della-vita-consacrata\/"]}]},{"@type":"BreadcrumbList","@id":"https:\/\/www.romasette.it\/archivio\/il-papa-nomina-nuovi-consultori-della-congregazione-della-vita-consacrata\/#breadcrumb","itemListElement":[{"@type":"ListItem","position":1,"name":"Home","item":"https:\/\/www.romasette.it\/archivio\/"},{"@type":"ListItem","position":2,"name":"Il Papa nomina nuovi consultori della Congregazione della vita consacrata"}]},{"@type":"WebSite","@id":"https:\/\/www.romasette.it\/archivio\/#website","url":"https:\/\/www.romasette.it\/archivio\/","name":"Archivio Storico RS","description":"archivio storico","potentialAction":[{"@type":"SearchAction","target":{"@type":"EntryPoint","urlTemplate":"https:\/\/www.romasette.it\/archivio\/?s={search_term_string}"},"query-input":{"@type":"PropertyValueSpecification","valueRequired":true,"valueName":"search_term_string"}}],"inLanguage":"it-IT"},{"@type":"Person","@id":"https:\/\/www.romasette.it\/archivio\/#\/schema\/person\/b61595f7d9cbd1bc5ed8023a6df9102e","name":"R. S.","image":{"@type":"ImageObject","inLanguage":"it-IT","@id":"https:\/\/www.romasette.it\/archivio\/#\/schema\/person\/image\/","url":"https:\/\/secure.gravatar.com\/avatar\/2396ccf09d32bbb1ee064c4dad43f38d?s=96&d=mm&r=g","contentUrl":"https:\/\/secure.gravatar.com\/avatar\/2396ccf09d32bbb1ee064c4dad43f38d?s=96&d=mm&r=g","caption":"R. S."},"url":"https:\/\/www.romasette.it\/archivio\/author\/r-s\/"}]}},"_links":{"self":[{"href":"https:\/\/www.romasette.it\/archivio\/wp-json\/wp\/v2\/posts\/32377"}],"collection":[{"href":"https:\/\/www.romasette.it\/archivio\/wp-json\/wp\/v2\/posts"}],"about":[{"href":"https:\/\/www.romasette.it\/archivio\/wp-json\/wp\/v2\/types\/post"}],"author":[{"embeddable":true,"href":"https:\/\/www.romasette.it\/archivio\/wp-json\/wp\/v2\/users\/82"}],"replies":[{"embeddable":true,"href":"https:\/\/www.romasette.it\/archivio\/wp-json\/wp\/v2\/comments?post=32377"}],"version-history":[{"count":1,"href":"https:\/\/www.romasette.it\/archivio\/wp-json\/wp\/v2\/posts\/32377\/revisions"}],"predecessor-version":[{"id":34762,"href":"https:\/\/www.romasette.it\/archivio\/wp-json\/wp\/v2\/posts\/32377\/revisions\/34762"}],"wp:attachment":[{"href":"https:\/\/www.romasette.it\/archivio\/wp-json\/wp\/v2\/media?parent=32377"}],"wp:term":[{"taxonomy":"category","embeddable":true,"href":"https:\/\/www.romasette.it\/archivio\/wp-json\/wp\/v2\/categories?post=32377"},{"taxonomy":"post_tag","embeddable":true,"href":"https:\/\/www.romasette.it\/archivio\/wp-json\/wp\/v2\/tags?post=32377"}],"curies":[{"name":"wp","href":"https:\/\/api.w.org\/{rel}","templated":true}]}}